{"id":32425,"date":"2025-09-02T12:24:37","date_gmt":"2025-09-02T15:24:37","guid":{"rendered":"https:\/\/www.fazenda.niteroi.rj.gov.br\/site\/?p=32425"},"modified":"2025-09-10T15:48:11","modified_gmt":"2025-09-10T18:48:11","slug":"novo-presidente-do-conselho-de-contribuintes-toma-posse-na-secretaria-de-fazenda-de-niteroi","status":"publish","type":"post","link":"https:\/\/www.fazenda.niteroi.rj.gov.br\/site\/novo-presidente-do-conselho-de-contribuintes-toma-posse-na-secretaria-de-fazenda-de-niteroi\/","title":{"rendered":"Novo presidente do Conselho de Contribuintes toma posse na Secretaria de Fazenda de Niter\u00f3i\u00a0"},"content":{"rendered":"\n<p class=\"has-text-align-center\"><em>\u00d3rg\u00e3o ter\u00e1 atua\u00e7\u00e3o no bi\u00eanio 2025-2027, analisando recursos relacionados a tributos municipais<\/em>&nbsp;<\/p>\n\n\n\n<p>Na \u00faltima segunda-feira (1), a Secretaria Municipal de Fazenda de Niter\u00f3i recebeu a cerim\u00f4nia de posse dos novos integrantes do Conselho de Contribuintes. O colegiado, que re\u00fane representantes da Prefeitura e da sociedade civil, ter\u00e1 a miss\u00e3o de analisar recursos apresentados por contribuintes sobre tributos municipais ao longo do bi\u00eanio 2025-2027.&nbsp;<\/p>\n\n\n\n<p>Estiveram presentes o secret\u00e1rio de Fazenda, Cesar Barbiero, o ex-presidente do Conselho, Carlos Mauro Naylor, al\u00e9m dos novos membros titulares \u2014 Luiz Alberto Soares, novo Presidente do Conselho; Francisco da Cunha Ferreira, Vice-presidente do Conselho. As servidoras, Nilceia Duarte e Isabel Gebara. A chefe de Gabinete, Paula Cabral, tamb\u00e9m acompanhou a cerim\u00f4nia.&nbsp;<\/p>\n\n\n\n<p>Para os pr\u00f3ximos dois anos, a presid\u00eancia do Conselho ficar\u00e1 a cargo do Auditor Fiscal, Luiz Alberto Soares. Formado em Direito pela Universidade Federal Fluminense (UFF) e em Ci\u00eancias Econ\u00f4micas pela Universidade de S\u00e3o Paulo (USP), Luiz Alberto \u00e9, desde 2021, Conselheiro Titular do Conselho de Contribuintes, tendo exercido a fun\u00e7\u00e3o de Vice-Presidente durante o mandato 2021\u20132023. Al\u00e9m disso, atua como Conciliador Judicial no I Juizado Especial Criminal da Comarca de Niter\u00f3i: \u201c\u00c9 uma honra assumir este cargo ap\u00f3s os quatro anos de mandato do Carlos Mauro, que fez uma gest\u00e3o de excel\u00eancia. Hoje, o Conselho se consolidou como uma refer\u00eancia em qualidade, efici\u00eancia e estrutura, servindo de exemplo inclusive para outros munic\u00edpios. Nosso compromisso \u00e9 dar continuidade a esse trabalho, aprimorar cada vez mais os servi\u00e7os e fortalecer a atua\u00e7\u00e3o do Conselho, para que continuemos sendo uma refer\u00eancia positiva para Niter\u00f3i.\u201d, conta. &nbsp;<\/p>\n\n\n\n<p>Com a nova composi\u00e7\u00e3o, o Conselho de Contribuintes inicia um ciclo que refor\u00e7a a participa\u00e7\u00e3o da sociedade nas decis\u00f5es sobre tributos municipais e reafirma o compromisso da Prefeitura de Niter\u00f3i com uma gest\u00e3o mais pr\u00f3xima, transparente e equilibrada.&nbsp;<\/p>\n","protected":false},"excerpt":{"rendered":"<p>\u00d3rg\u00e3o ter\u00e1 atua\u00e7\u00e3o no bi\u00eanio 2025-2027, analisando recursos relacionados a tributos municipais&nbsp; Na \u00faltima segunda-feira (1), a Secretaria Municipal de Fazenda de Niter\u00f3i recebeu a cerim\u00f4nia de posse dos novos [&hellip;]<\/p>\n","protected":false},"author":48,"featured_media":32426,"comment_status":"closed","ping_status":"closed","sticky":false,"template":"","format":"standard","meta":{"_et_pb_use_builder":"","_et_pb_old_content":"","_et_gb_content_width":"","_usar_header_alternativo":false,"footnotes":""},"categories":[10],"tags":[],"class_list":["post-32425","post","type-post","status-publish","format-standard","has-post-thumbnail","hentry","category-noticias","et-has-post-format-content","et_post_format-et-post-format-standard"],"_links":{"self":[{"href":"https:\/\/www.fazenda.niteroi.rj.gov.br\/site\/wp-json\/wp\/v2\/posts\/32425","targetHints":{"allow":["GET"]}}],"collection":[{"href":"https:\/\/www.fazenda.niteroi.rj.gov.br\/site\/wp-json\/wp\/v2\/posts"}],"about":[{"href":"https:\/\/www.fazenda.niteroi.rj.gov.br\/site\/wp-json\/wp\/v2\/types\/post"}],"author":[{"embeddable":true,"href":"https:\/\/www.fazenda.niteroi.rj.gov.br\/site\/wp-json\/wp\/v2\/users\/48"}],"replies":[{"embeddable":true,"href":"https:\/\/www.fazenda.niteroi.rj.gov.br\/site\/wp-json\/wp\/v2\/comments?post=32425"}],"version-history":[{"count":3,"href":"https:\/\/www.fazenda.niteroi.rj.gov.br\/site\/wp-json\/wp\/v2\/posts\/32425\/revisions"}],"predecessor-version":[{"id":32486,"href":"https:\/\/www.fazenda.niteroi.rj.gov.br\/site\/wp-json\/wp\/v2\/posts\/32425\/revisions\/32486"}],"wp:featuredmedia":[{"embeddable":true,"href":"https:\/\/www.fazenda.niteroi.rj.gov.br\/site\/wp-json\/wp\/v2\/media\/32426"}],"wp:attachment":[{"href":"https:\/\/www.fazenda.niteroi.rj.gov.br\/site\/wp-json\/wp\/v2\/media?parent=32425"}],"wp:term":[{"taxonomy":"category","embeddable":true,"href":"https:\/\/www.fazenda.niteroi.rj.gov.br\/site\/wp-json\/wp\/v2\/categories?post=32425"},{"taxonomy":"post_tag","embeddable":true,"href":"https:\/\/www.fazenda.niteroi.rj.gov.br\/site\/wp-json\/wp\/v2\/tags?post=32425"}],"curies":[{"name":"wp","href":"https:\/\/api.w.org\/{rel}","templated":true}]}}