{"id":32433,"date":"2025-09-03T18:00:00","date_gmt":"2025-09-03T21:00:00","guid":{"rendered":"https:\/\/www.fazenda.niteroi.rj.gov.br\/site\/?p=32433"},"modified":"2025-09-10T15:48:10","modified_gmt":"2025-09-10T18:48:10","slug":"seminarios-sobre-a-reforma-tributaria-reunem-servidores-da-smf-para-discutir-as-mudancas-na-tributacao","status":"publish","type":"post","link":"https:\/\/www.fazenda.niteroi.rj.gov.br\/site\/seminarios-sobre-a-reforma-tributaria-reunem-servidores-da-smf-para-discutir-as-mudancas-na-tributacao\/","title":{"rendered":"Semin\u00e1rios sobre a Reforma Tribut\u00e1ria re\u00fanem servidores da SMF para discutir as mudan\u00e7as na tributa\u00e7\u00e3o\u00a0"},"content":{"rendered":"\n<p class=\"has-text-align-center\"><em>Encontros presenciais e online abordam os principais impactos da nova legisla\u00e7\u00e3o, com foco nos auditores fiscais<\/em>&nbsp;<\/p>\n\n\n\n<p>Ao longo do m\u00eas de julho, a Secretaria Municipal de Fazenda de Niter\u00f3i, deu in\u00edcio a uma s\u00e9rie de semin\u00e1rios para apresentar as mudan\u00e7as previstas na Reforma Tribut\u00e1ria aos servidores da pasta.&nbsp; Os encontros, realizados no audit\u00f3rio da Secretaria, de forma presencial e online, t\u00eam como foco principal os auditores fiscais e abordam os pontos centrais da nova legisla\u00e7\u00e3o.&nbsp;<\/p>\n\n\n\n<p>Entre os temas discutidos e ministrados pelos auditores fiscais Carlos Mauro Naylor, Juan Rodrigues, Andr\u00e9 Luis Cardoso e Maria Helena Alves, est\u00e3o: defini\u00e7\u00f5es preliminares e sujei\u00e7\u00e3o passiva do IBS e CBS; incid\u00eancia, local e momento do fato gerador; c\u00e1lculo e apura\u00e7\u00e3o dos tributos; extin\u00e7\u00e3o de d\u00e9bitos e pagamentos indevidos; al\u00e9m da operacionaliza\u00e7\u00e3o do novo sistema.&nbsp;<\/p>\n\n\n\n<p>\u201cA reforma tribut\u00e1ria implica uma mudan\u00e7a muito grande na tributa\u00e7\u00e3o sobre as atividades econ\u00f4micas, que passa a ser ampla e radicalmente n\u00e3o cumulativa, e na forma de administra\u00e7\u00e3o dessa tributa\u00e7\u00e3o, que se torna compartilhada entre os entes federativos. \u00c9 muito importante que n\u00f3s, auditores fiscais de Niter\u00f3i, estreitemos desde j\u00e1 o nosso contato com as regras da n\u00e3o cumulatividade ampla trazidas no bojo do IBS. Quanto mais rapidamente isso estiver no &#8216;nosso sangue&#8217;, melhor ser\u00e1 a nossa compreens\u00e3o da nova forma de tributa\u00e7\u00e3o e dos desafios que ela nos apresenta.\u201d \u2013 explica Carlos Mauro Naylor, Auditor Fiscal e ex-Presidente do Conselho de Contribuintes da SMF.&nbsp;<\/p>\n\n\n\n<p>Os semin\u00e1rios seguem ao longo do m\u00eas de agosto, aprofundando os temas e promovendo o di\u00e1logo entre os servidores da SMF diante do novo cen\u00e1rio tribut\u00e1rio nacional.&nbsp;<\/p>\n","protected":false},"excerpt":{"rendered":"<p>Encontros presenciais e online abordam os principais impactos da nova legisla\u00e7\u00e3o, com foco nos auditores fiscais&nbsp; Ao longo do m\u00eas de julho, a Secretaria Municipal de Fazenda de Niter\u00f3i, deu [&hellip;]<\/p>\n","protected":false},"author":49,"featured_media":32434,"comment_status":"closed","ping_status":"closed","sticky":false,"template":"","format":"standard","meta":{"_et_pb_use_builder":"","_et_pb_old_content":"","_et_gb_content_width":"","_usar_header_alternativo":false,"footnotes":""},"categories":[10],"tags":[],"class_list":["post-32433","post","type-post","status-publish","format-standard","has-post-thumbnail","hentry","category-noticias","et-has-post-format-content","et_post_format-et-post-format-standard"],"_links":{"self":[{"href":"https:\/\/www.fazenda.niteroi.rj.gov.br\/site\/wp-json\/wp\/v2\/posts\/32433","targetHints":{"allow":["GET"]}}],"collection":[{"href":"https:\/\/www.fazenda.niteroi.rj.gov.br\/site\/wp-json\/wp\/v2\/posts"}],"about":[{"href":"https:\/\/www.fazenda.niteroi.rj.gov.br\/site\/wp-json\/wp\/v2\/types\/post"}],"author":[{"embeddable":true,"href":"https:\/\/www.fazenda.niteroi.rj.gov.br\/site\/wp-json\/wp\/v2\/users\/49"}],"replies":[{"embeddable":true,"href":"https:\/\/www.fazenda.niteroi.rj.gov.br\/site\/wp-json\/wp\/v2\/comments?post=32433"}],"version-history":[{"count":2,"href":"https:\/\/www.fazenda.niteroi.rj.gov.br\/site\/wp-json\/wp\/v2\/posts\/32433\/revisions"}],"predecessor-version":[{"id":32485,"href":"https:\/\/www.fazenda.niteroi.rj.gov.br\/site\/wp-json\/wp\/v2\/posts\/32433\/revisions\/32485"}],"wp:featuredmedia":[{"embeddable":true,"href":"https:\/\/www.fazenda.niteroi.rj.gov.br\/site\/wp-json\/wp\/v2\/media\/32434"}],"wp:attachment":[{"href":"https:\/\/www.fazenda.niteroi.rj.gov.br\/site\/wp-json\/wp\/v2\/media?parent=32433"}],"wp:term":[{"taxonomy":"category","embeddable":true,"href":"https:\/\/www.fazenda.niteroi.rj.gov.br\/site\/wp-json\/wp\/v2\/categories?post=32433"},{"taxonomy":"post_tag","embeddable":true,"href":"https:\/\/www.fazenda.niteroi.rj.gov.br\/site\/wp-json\/wp\/v2\/tags?post=32433"}],"curies":[{"name":"wp","href":"https:\/\/api.w.org\/{rel}","templated":true}]}}