{"id":32479,"date":"2025-09-10T15:37:25","date_gmt":"2025-09-10T18:37:25","guid":{"rendered":"https:\/\/www.fazenda.niteroi.rj.gov.br\/site\/?p=32479"},"modified":"2025-09-10T15:44:44","modified_gmt":"2025-09-10T18:44:44","slug":"smf-realiza-cerimonia-de-posse-do-conselho-de-contribuintes","status":"publish","type":"post","link":"https:\/\/www.fazenda.niteroi.rj.gov.br\/site\/smf-realiza-cerimonia-de-posse-do-conselho-de-contribuintes\/","title":{"rendered":"SMF realiza Cerim\u00f4nia de Posse do Conselho de Contribuintes\u00a0"},"content":{"rendered":"\n<p><em>Evento contou com autoridades municipais e representantes de entidades empresariais<\/em>&nbsp;<\/p>\n\n\n\n<p>A Secretaria Municipal de Fazenda (SMF) realizou, nesta quarta-feira (10), a Cerim\u00f4nia de Posse do Conselho de Contribuintes. O evento reuniu autoridades municipais e lideran\u00e7as empresariais, refor\u00e7ando o compromisso com a transpar\u00eancia e a participa\u00e7\u00e3o social na gest\u00e3o tribut\u00e1ria.&nbsp;<\/p>\n\n\n\n<p>Al\u00e9m dos empossados, estiveram presentes o Secret\u00e1rio de Fazenda, <strong>C\u00e9sar Augusto Barbiero<\/strong>, o Subsecret\u00e1rio de Receita, <strong>Vin\u00edcius Fundo<\/strong>, as secret\u00e1rias do Conselho, <strong>Isabel Gebara<\/strong> e <strong>Nilceia Duarte<\/strong>, al\u00e9m do Presidente da C\u00e2mara de Dirigentes Lojistas (CDL), <strong>Luiz Vieira<\/strong>, o Presidente da Associa\u00e7\u00e3o Comercial e Empresarial de Resende (ACIERJ), <strong>Paulino Neto<\/strong>, e o assessor jur\u00eddico da entidade, <strong>Marcus Vin\u00edcius<\/strong>.&nbsp;<\/p>\n\n\n\n<p>Durante o evento, o Secret\u00e1rio de Fazenda, falou sobre a import\u00e2ncia do Conselho como espa\u00e7o de debate: \u201c\u00c9 fundamental adotar sempre uma postura de legalidade, trabalhando em conjunto com munic\u00edpios, estados e Uni\u00e3o. Com a Reforma Tribut\u00e1ria em andamento, uma das principais discuss\u00f5es \u00e9 justamente a forma de solucionar diverg\u00eancias entre os entes federativos, j\u00e1 que todos compartilhar\u00e3o a mesma base tribut\u00e1ria. Existe a perspectiva de cria\u00e7\u00e3o de novas inst\u00e2ncias de julgamento, o que poder\u00e1 incluir, por exemplo, um Conselho Superior, para harmonizar eventuais decis\u00f5es diferentes entre os estados. Esse \u00e9 o n\u00edvel do debate que est\u00e1 em curso e mostra a import\u00e2ncia do Conselho de Contribuintes. Ele atua como um espa\u00e7o de media\u00e7\u00e3o essencial, capaz de evitar lit\u00edgios e fortalecer a seguran\u00e7a jur\u00eddica. Quero parabenizar a todos que assumem essa nova e relevante fun\u00e7\u00e3o. Tenho certeza de que a qualidade do nosso Conselho ser\u00e1 mantida e continuamente aprimorada.\u201d, declarou.&nbsp;<\/p>\n\n\n\n<p>A posse marca o in\u00edcio dos trabalhos do Conselho, que passa a atuar junto \u00e0 Secretaria de Fazenda em defesa do di\u00e1logo e da transpar\u00eancia na \u00e1rea tribut\u00e1ria. Com a nova composi\u00e7\u00e3o, o Conselho de Contribuintes inicia um ciclo que refor\u00e7a a participa\u00e7\u00e3o da sociedade nas decis\u00f5es sobre tributos municipais.&nbsp; &nbsp;<\/p>\n\n\n\n<p><strong>Sele\u00e7\u00e3o a cada dois anos:&nbsp;<\/strong>O Conselho de Contribuintes \u00e9 um \u00f3rg\u00e3o criado pela Lei n\u00ba 2.228\/05, com a atribui\u00e7\u00e3o de julgar em segunda inst\u00e2ncia os recursos de decis\u00f5es referentes a processos administrativos tribut\u00e1rios. A cada dois anos, os conselheiros s\u00e3o escolhidos para o mandato do mesmo per\u00edodo, cinco representam a Prefeitura, e quatro, os contribuintes. Para compor o grupo, a Procuradoria Geral do Munic\u00edpio tem um assento.<\/p>\n","protected":false},"excerpt":{"rendered":"<p>Evento contou com autoridades municipais e representantes de entidades empresariais&nbsp; A Secretaria Municipal de Fazenda (SMF) realizou, nesta quarta-feira (10), a Cerim\u00f4nia de Posse do Conselho de Contribuintes. O evento [&hellip;]<\/p>\n","protected":false},"author":48,"featured_media":32481,"comment_status":"closed","ping_status":"closed","sticky":false,"template":"","format":"standard","meta":{"_et_pb_use_builder":"","_et_pb_old_content":"","_et_gb_content_width":"","_usar_header_alternativo":false,"footnotes":""},"categories":[10],"tags":[],"class_list":["post-32479","post","type-post","status-publish","format-standard","has-post-thumbnail","hentry","category-noticias","et-has-post-format-content","et_post_format-et-post-format-standard"],"_links":{"self":[{"href":"https:\/\/www.fazenda.niteroi.rj.gov.br\/site\/wp-json\/wp\/v2\/posts\/32479","targetHints":{"allow":["GET"]}}],"collection":[{"href":"https:\/\/www.fazenda.niteroi.rj.gov.br\/site\/wp-json\/wp\/v2\/posts"}],"about":[{"href":"https:\/\/www.fazenda.niteroi.rj.gov.br\/site\/wp-json\/wp\/v2\/types\/post"}],"author":[{"embeddable":true,"href":"https:\/\/www.fazenda.niteroi.rj.gov.br\/site\/wp-json\/wp\/v2\/users\/48"}],"replies":[{"embeddable":true,"href":"https:\/\/www.fazenda.niteroi.rj.gov.br\/site\/wp-json\/wp\/v2\/comments?post=32479"}],"version-history":[{"count":2,"href":"https:\/\/www.fazenda.niteroi.rj.gov.br\/site\/wp-json\/wp\/v2\/posts\/32479\/revisions"}],"predecessor-version":[{"id":32483,"href":"https:\/\/www.fazenda.niteroi.rj.gov.br\/site\/wp-json\/wp\/v2\/posts\/32479\/revisions\/32483"}],"wp:featuredmedia":[{"embeddable":true,"href":"https:\/\/www.fazenda.niteroi.rj.gov.br\/site\/wp-json\/wp\/v2\/media\/32481"}],"wp:attachment":[{"href":"https:\/\/www.fazenda.niteroi.rj.gov.br\/site\/wp-json\/wp\/v2\/media?parent=32479"}],"wp:term":[{"taxonomy":"category","embeddable":true,"href":"https:\/\/www.fazenda.niteroi.rj.gov.br\/site\/wp-json\/wp\/v2\/categories?post=32479"},{"taxonomy":"post_tag","embeddable":true,"href":"https:\/\/www.fazenda.niteroi.rj.gov.br\/site\/wp-json\/wp\/v2\/tags?post=32479"}],"curies":[{"name":"wp","href":"https:\/\/api.w.org\/{rel}","templated":true}]}}