{"id":32913,"date":"2025-10-21T17:29:01","date_gmt":"2025-10-21T20:29:01","guid":{"rendered":"https:\/\/www.fazenda.niteroi.rj.gov.br\/site\/?p=32913"},"modified":"2025-10-21T17:29:40","modified_gmt":"2025-10-21T20:29:40","slug":"secretaria-municipal-de-fazenda-da-inicio-a-segunda-turma-do-fazendo-por-elas","status":"publish","type":"post","link":"https:\/\/www.fazenda.niteroi.rj.gov.br\/site\/secretaria-municipal-de-fazenda-da-inicio-a-segunda-turma-do-fazendo-por-elas\/","title":{"rendered":"Secretaria Municipal de Fazenda d\u00e1 in\u00edcio a segunda turma do \u201cFazendo por Elas\u201d\u00a0"},"content":{"rendered":"\n<p class=\"has-text-align-center\"><em>Novas alunas se reuniram para transformar conhecimento em oportunidades de futuro<\/em>&nbsp;<\/p>\n\n\n\n<p>Na \u00faltima segunda-feira (20), a Secretaria Municipal da Fam\u00edlia (SMF) deu in\u00edcio \u00e0 segunda turma do programa Fazendo por Elas, iniciativa que tem como objetivo apoiar e capacitar mulheres da cidade, promovendo autonomia financeira, pessoal e profissional.&nbsp;<\/p>\n\n\n\n<p>O encontro contou com a participa\u00e7\u00e3o de novas alunas, que tiveram a oportunidade de conhecer o conte\u00fado do curso, interagir com as facilitadoras e compartilhar experi\u00eancias. Durante a abertura, representantes da SMF refor\u00e7aram a import\u00e2ncia do programa para o fortalecimento da rede de apoio entre mulheres e destacaram o impacto positivo que a capacita\u00e7\u00e3o pode gerar na vida das participantes.&nbsp;<\/p>\n\n\n\n<p>\u201cEsse projeto \u00e9 uma oportunidade de conviver com mulheres fant\u00e1sticas, guerreiras, lutadoras, talentosas que s\u00f3 precisam de informa\u00e7\u00e3o para fazer uma boa gest\u00e3o fiscal dos seus neg\u00f3cios\u201d \u2013 declara Maria Helena Alves, Auditora Fiscal e parte da equipe t\u00e9cnica do projeto.&nbsp;<\/p>\n\n\n\n<p>As inscri\u00e7\u00f5es para a turma de novembro j\u00e1 est\u00e3o abertas e podem ser realizadas atrav\u00e9s do link: <a href=\"https:\/\/forms.office.com\/r\/w0TKi5LvzT\" target=\"_blank\" rel=\"noreferrer noopener\">https:\/\/forms.office.com\/r\/w0TKi5LvzT<\/a>&nbsp;<\/p>\n","protected":false},"excerpt":{"rendered":"<p>Novas alunas se reuniram para transformar conhecimento em oportunidades de futuro&nbsp; Na \u00faltima segunda-feira (20), a Secretaria Municipal da Fam\u00edlia (SMF) deu in\u00edcio \u00e0 segunda turma do programa Fazendo por [&hellip;]<\/p>\n","protected":false},"author":49,"featured_media":32914,"comment_status":"closed","ping_status":"closed","sticky":false,"template":"","format":"standard","meta":{"_et_pb_use_builder":"","_et_pb_old_content":"","_et_gb_content_width":"","_usar_header_alternativo":false,"footnotes":""},"categories":[10],"tags":[],"class_list":["post-32913","post","type-post","status-publish","format-standard","has-post-thumbnail","hentry","category-noticias","et-has-post-format-content","et_post_format-et-post-format-standard"],"_links":{"self":[{"href":"https:\/\/www.fazenda.niteroi.rj.gov.br\/site\/wp-json\/wp\/v2\/posts\/32913","targetHints":{"allow":["GET"]}}],"collection":[{"href":"https:\/\/www.fazenda.niteroi.rj.gov.br\/site\/wp-json\/wp\/v2\/posts"}],"about":[{"href":"https:\/\/www.fazenda.niteroi.rj.gov.br\/site\/wp-json\/wp\/v2\/types\/post"}],"author":[{"embeddable":true,"href":"https:\/\/www.fazenda.niteroi.rj.gov.br\/site\/wp-json\/wp\/v2\/users\/49"}],"replies":[{"embeddable":true,"href":"https:\/\/www.fazenda.niteroi.rj.gov.br\/site\/wp-json\/wp\/v2\/comments?post=32913"}],"version-history":[{"count":1,"href":"https:\/\/www.fazenda.niteroi.rj.gov.br\/site\/wp-json\/wp\/v2\/posts\/32913\/revisions"}],"predecessor-version":[{"id":32915,"href":"https:\/\/www.fazenda.niteroi.rj.gov.br\/site\/wp-json\/wp\/v2\/posts\/32913\/revisions\/32915"}],"wp:featuredmedia":[{"embeddable":true,"href":"https:\/\/www.fazenda.niteroi.rj.gov.br\/site\/wp-json\/wp\/v2\/media\/32914"}],"wp:attachment":[{"href":"https:\/\/www.fazenda.niteroi.rj.gov.br\/site\/wp-json\/wp\/v2\/media?parent=32913"}],"wp:term":[{"taxonomy":"category","embeddable":true,"href":"https:\/\/www.fazenda.niteroi.rj.gov.br\/site\/wp-json\/wp\/v2\/categories?post=32913"},{"taxonomy":"post_tag","embeddable":true,"href":"https:\/\/www.fazenda.niteroi.rj.gov.br\/site\/wp-json\/wp\/v2\/tags?post=32913"}],"curies":[{"name":"wp","href":"https:\/\/api.w.org\/{rel}","templated":true}]}}