{"id":32988,"date":"2025-10-22T17:11:11","date_gmt":"2025-10-22T20:11:11","guid":{"rendered":"https:\/\/www.fazenda.niteroi.rj.gov.br\/site\/?p=32988"},"modified":"2025-10-23T09:48:20","modified_gmt":"2025-10-23T12:48:20","slug":"secretaria-de-fazenda-participa-de-imersao-sobre-gestao-publica-municipal-promovida-pela-seplag-e-fgv-sp","status":"publish","type":"post","link":"https:\/\/www.fazenda.niteroi.rj.gov.br\/site\/secretaria-de-fazenda-participa-de-imersao-sobre-gestao-publica-municipal-promovida-pela-seplag-e-fgv-sp\/","title":{"rendered":"Secretaria de Fazenda participa de imers\u00e3o sobre Gest\u00e3o P\u00fablica Municipal promovida pela Seplag e FGV-SP\u00a0"},"content":{"rendered":"\n<p class=\"has-text-align-center\"><em>Atividade integrou alunos de Administra\u00e7\u00e3o P\u00fablica da FGV-SP e gestores municipais em uma troca de experi\u00eancias sobre pol\u00edticas p\u00fablicas locais<\/em>&nbsp;<\/p>\n\n\n\n<p>A Secretaria de Fazenda participou, na \u00faltima segunda-feira (21), de uma imers\u00e3o sobre gest\u00e3o p\u00fablica municipal promovida pela Secretaria de Planejamento e Gest\u00e3o (Seplag) em parceria com a Funda\u00e7\u00e3o Get\u00falio Vargas (FGV-SP). O encontro teve como objetivo apresentar aos alunos de Administra\u00e7\u00e3o P\u00fablica o funcionamento das pol\u00edticas p\u00fablicas locais e as pr\u00e1ticas de gest\u00e3o adotadas pela Prefeitura.&nbsp;<\/p>\n\n\n\n<p>Representando a SMF, participaram o Secret\u00e1rio Cesar Augusto Barbiero, a auditora fiscal Maria Helena Alves e o Subsecret\u00e1rio da Receita Municipal Vin\u00edcius Fundo. Durante a atividade, os gestores compartilharam experi\u00eancias e desafios da administra\u00e7\u00e3o tribut\u00e1ria, al\u00e9m de apresentarem a\u00e7\u00f5es desenvolvidas para promover a efici\u00eancia e a transpar\u00eancia na arrecada\u00e7\u00e3o municipal.&nbsp;<\/p>\n\n\n\n<p>Ao longo da semana, 45 alunos e cinco monitores da FGV-SP permanecer\u00e3o na cidade participando de visitas t\u00e9cnicas e encontros tem\u00e1ticos com diversas secretarias. A programa\u00e7\u00e3o est\u00e1 organizada em cinco eixos tem\u00e1ticos, cada um coordenado por uma ou mais pastas municipais, permitindo aos estudantes uma vis\u00e3o abrangente do funcionamento da gest\u00e3o p\u00fablica.&nbsp;<\/p>\n\n\n\n<p>A atividade faz parte da disciplina de Administra\u00e7\u00e3o P\u00fablica da FGV-SP e integra a forma\u00e7\u00e3o pr\u00e1tica dos estudantes, que conhecem de perto os equipamentos p\u00fablicos e o trabalho dos profissionais respons\u00e1veis por transformar as pol\u00edticas p\u00fablicas em a\u00e7\u00f5es concretas para a popula\u00e7\u00e3o.&nbsp;<\/p>\n","protected":false},"excerpt":{"rendered":"<p>Atividade integrou alunos de Administra\u00e7\u00e3o P\u00fablica da FGV-SP e gestores municipais em uma troca de experi\u00eancias sobre pol\u00edticas p\u00fablicas locais&nbsp; A Secretaria de Fazenda participou, na \u00faltima segunda-feira (21), de [&hellip;]<\/p>\n","protected":false},"author":49,"featured_media":33146,"comment_status":"closed","ping_status":"closed","sticky":false,"template":"","format":"standard","meta":{"_et_pb_use_builder":"","_et_pb_old_content":"","_et_gb_content_width":"","_usar_header_alternativo":false,"footnotes":""},"categories":[116],"tags":[],"class_list":["post-32988","post","type-post","status-publish","format-standard","has-post-thumbnail","hentry","category-rascunhos","et-has-post-format-content","et_post_format-et-post-format-standard"],"_links":{"self":[{"href":"https:\/\/www.fazenda.niteroi.rj.gov.br\/site\/wp-json\/wp\/v2\/posts\/32988","targetHints":{"allow":["GET"]}}],"collection":[{"href":"https:\/\/www.fazenda.niteroi.rj.gov.br\/site\/wp-json\/wp\/v2\/posts"}],"about":[{"href":"https:\/\/www.fazenda.niteroi.rj.gov.br\/site\/wp-json\/wp\/v2\/types\/post"}],"author":[{"embeddable":true,"href":"https:\/\/www.fazenda.niteroi.rj.gov.br\/site\/wp-json\/wp\/v2\/users\/49"}],"replies":[{"embeddable":true,"href":"https:\/\/www.fazenda.niteroi.rj.gov.br\/site\/wp-json\/wp\/v2\/comments?post=32988"}],"version-history":[{"count":1,"href":"https:\/\/www.fazenda.niteroi.rj.gov.br\/site\/wp-json\/wp\/v2\/posts\/32988\/revisions"}],"predecessor-version":[{"id":32999,"href":"https:\/\/www.fazenda.niteroi.rj.gov.br\/site\/wp-json\/wp\/v2\/posts\/32988\/revisions\/32999"}],"wp:featuredmedia":[{"embeddable":true,"href":"https:\/\/www.fazenda.niteroi.rj.gov.br\/site\/wp-json\/wp\/v2\/media\/33146"}],"wp:attachment":[{"href":"https:\/\/www.fazenda.niteroi.rj.gov.br\/site\/wp-json\/wp\/v2\/media?parent=32988"}],"wp:term":[{"taxonomy":"category","embeddable":true,"href":"https:\/\/www.fazenda.niteroi.rj.gov.br\/site\/wp-json\/wp\/v2\/categories?post=32988"},{"taxonomy":"post_tag","embeddable":true,"href":"https:\/\/www.fazenda.niteroi.rj.gov.br\/site\/wp-json\/wp\/v2\/tags?post=32988"}],"curies":[{"name":"wp","href":"https:\/\/api.w.org\/{rel}","templated":true}]}}