{"id":33209,"date":"2025-10-23T15:01:43","date_gmt":"2025-10-23T18:01:43","guid":{"rendered":"https:\/\/www.fazenda.niteroi.rj.gov.br\/site\/?p=33209"},"modified":"2025-10-23T15:01:51","modified_gmt":"2025-10-23T18:01:51","slug":"alunos-da-fgv-sp-visitam-a-secretaria-municipal-de-fazenda-de-niteroi","status":"publish","type":"post","link":"https:\/\/www.fazenda.niteroi.rj.gov.br\/site\/alunos-da-fgv-sp-visitam-a-secretaria-municipal-de-fazenda-de-niteroi\/","title":{"rendered":"Alunos da FGV-SP visitam a Secretaria Municipal de Fazenda de Niter\u00f3i\u00a0"},"content":{"rendered":"\n<p class=\"has-text-align-center\"><em>Visita t\u00e9cnica apresentou aos estudantes o funcionamento do Balc\u00e3o Gov, da Central de Atendimento ao Cidad\u00e3o e do Centro de Mem\u00f3ria da SMF<\/em>&nbsp;<\/p>\n\n\n\n<p>A Secretaria Municipal de Fazenda (SMF) de Niter\u00f3i recebeu, na \u00faltima quarta-feira (22), os alunos do curso de Administra\u00e7\u00e3o P\u00fablica da Funda\u00e7\u00e3o Get\u00falio Vargas (FGV-SP) para uma visita t\u00e9cnica. A atividade foi conduzida pela diretora do Centro de Atendimento ao Contribuinte (CAC), Beatriz Dantas, pela coordenadora do CAC, Roberta Camanho, e pela assessora de comunica\u00e7\u00e3o, Andressa da Hora.&nbsp;<\/p>\n\n\n\n<p>Durante a visita, os estudantes conheceram o funcionamento do Balc\u00e3o Gov, da Central de Atendimento ao Cidad\u00e3o e do Centro de Mem\u00f3ria da SMF, onde puderam compreender um pouco mais sobre a hist\u00f3ria dos tributos e o papel do atendimento p\u00fablico na rotina dos servidores municipais.&nbsp;<\/p>\n\n\n\n<p>Para a aluna B\u00e1rbara Salom\u00e3o, a experi\u00eancia foi enriquecedora e aproximou o aprendizado te\u00f3rico da realidade do servi\u00e7o p\u00fablico: \u201cEu amei a experi\u00eancia, achei incr\u00edvel ver como realmente acontece o atendimento ao cidad\u00e3o, j\u00e1 que n\u00f3s vimos muito a teoria e pouco a pr\u00e1tica. Achei tamb\u00e9m fant\u00e1stico o trabalho feito por todos, deu pra ver o carinho de cada servidor com cada cidad\u00e3o que ia resolver algo\u201d, destacou B\u00e1rbara.&nbsp;<\/p>\n\n\n\n<p>A visita teve como objetivo proporcionar aos estudantes uma experi\u00eancia pr\u00e1tica sobre a gest\u00e3o p\u00fablica municipal, aproximando o conte\u00fado acad\u00eamico do cotidiano da administra\u00e7\u00e3o p\u00fablica.&nbsp;<\/p>\n\n\n\n<p>A Semana de Imers\u00e3o com estudantes do curso de Administra\u00e7\u00e3o P\u00fablica da Funda\u00e7\u00e3o Getulio Vargas \u00e9 uma iniciativa promovida pela FGV e conta com o apoio da Prefeitura de Niter\u00f3i, por meio da Secretaria de Planejamento, Or\u00e7amento e Moderniza\u00e7\u00e3o da Gest\u00e3o (Seplag), que organizou a programa\u00e7\u00e3o local.&nbsp;<\/p>\n","protected":false},"excerpt":{"rendered":"<p>Visita t\u00e9cnica apresentou aos estudantes o funcionamento do Balc\u00e3o Gov, da Central de Atendimento ao Cidad\u00e3o e do Centro de Mem\u00f3ria da SMF&nbsp; A Secretaria Municipal de Fazenda (SMF) de [&hellip;]<\/p>\n","protected":false},"author":49,"featured_media":33210,"comment_status":"closed","ping_status":"closed","sticky":false,"template":"","format":"standard","meta":{"_et_pb_use_builder":"","_et_pb_old_content":"","_et_gb_content_width":"","_usar_header_alternativo":false,"footnotes":""},"categories":[10],"tags":[],"class_list":["post-33209","post","type-post","status-publish","format-standard","has-post-thumbnail","hentry","category-noticias","et-has-post-format-content","et_post_format-et-post-format-standard"],"_links":{"self":[{"href":"https:\/\/www.fazenda.niteroi.rj.gov.br\/site\/wp-json\/wp\/v2\/posts\/33209","targetHints":{"allow":["GET"]}}],"collection":[{"href":"https:\/\/www.fazenda.niteroi.rj.gov.br\/site\/wp-json\/wp\/v2\/posts"}],"about":[{"href":"https:\/\/www.fazenda.niteroi.rj.gov.br\/site\/wp-json\/wp\/v2\/types\/post"}],"author":[{"embeddable":true,"href":"https:\/\/www.fazenda.niteroi.rj.gov.br\/site\/wp-json\/wp\/v2\/users\/49"}],"replies":[{"embeddable":true,"href":"https:\/\/www.fazenda.niteroi.rj.gov.br\/site\/wp-json\/wp\/v2\/comments?post=33209"}],"version-history":[{"count":1,"href":"https:\/\/www.fazenda.niteroi.rj.gov.br\/site\/wp-json\/wp\/v2\/posts\/33209\/revisions"}],"predecessor-version":[{"id":33211,"href":"https:\/\/www.fazenda.niteroi.rj.gov.br\/site\/wp-json\/wp\/v2\/posts\/33209\/revisions\/33211"}],"wp:featuredmedia":[{"embeddable":true,"href":"https:\/\/www.fazenda.niteroi.rj.gov.br\/site\/wp-json\/wp\/v2\/media\/33210"}],"wp:attachment":[{"href":"https:\/\/www.fazenda.niteroi.rj.gov.br\/site\/wp-json\/wp\/v2\/media?parent=33209"}],"wp:term":[{"taxonomy":"category","embeddable":true,"href":"https:\/\/www.fazenda.niteroi.rj.gov.br\/site\/wp-json\/wp\/v2\/categories?post=33209"},{"taxonomy":"post_tag","embeddable":true,"href":"https:\/\/www.fazenda.niteroi.rj.gov.br\/site\/wp-json\/wp\/v2\/tags?post=33209"}],"curies":[{"name":"wp","href":"https:\/\/api.w.org\/{rel}","templated":true}]}}