{"id":33217,"date":"2025-10-23T15:14:18","date_gmt":"2025-10-23T18:14:18","guid":{"rendered":"https:\/\/www.fazenda.niteroi.rj.gov.br\/site\/?p=33217"},"modified":"2025-10-23T15:14:28","modified_gmt":"2025-10-23T18:14:28","slug":"secretaria-de-fazenda-participa-do-i-encontro-tecnico-dos-fiscos-estadual-e-municipais-do-rio-de-janeiro","status":"publish","type":"post","link":"https:\/\/www.fazenda.niteroi.rj.gov.br\/site\/secretaria-de-fazenda-participa-do-i-encontro-tecnico-dos-fiscos-estadual-e-municipais-do-rio-de-janeiro\/","title":{"rendered":"Secretaria de Fazenda participa do I Encontro T\u00e9cnico dos Fiscos Estadual e Municipais do Rio de Janeiro\u00a0"},"content":{"rendered":"\n<p class=\"has-text-align-center\"><em>Evento reuniu auditores fiscais para debater a Reforma Tribut\u00e1ria do Consumo e o fortalecimento da integra\u00e7\u00e3o entre os fiscos<\/em>&nbsp;<\/p>\n\n\n\n<p>O secret\u00e1rio municipal de Fazenda de Niter\u00f3i, Cesar Augusto Barbiero, e auditores fiscais da Secretaria Municipal de Fazenda (SMF) participaram do I Encontro T\u00e9cnico dos Fiscos Estadual e Municipais do Rio de Janeiro, realizado na \u00faltima quarta-feira (22). O evento foi organizado pelos sindicatos de auditores do Estado (SINFRERJ) e dos munic\u00edpios (SINCAF, SINDAFIN e AFIMERJ).&nbsp;<\/p>\n\n\n\n<p>O encontro reuniu auditores fiscais de diferentes regi\u00f5es do estado para discutir um tema central para o futuro do pa\u00eds: a Reforma Tribut\u00e1ria do Consumo. O debate destacou a import\u00e2ncia de fortalecer a integra\u00e7\u00e3o entre os fiscos e ampliar a compreens\u00e3o sobre os impactos das mudan\u00e7as no sistema tribut\u00e1rio brasileiro.&nbsp;<\/p>\n\n\n\n<p>De acordo com o secret\u00e1rio Cesar Augusto Barbiero, o semin\u00e1rio foi uma oportunidade de aprofundar discuss\u00f5es sobre temas fundamentais para a moderniza\u00e7\u00e3o da gest\u00e3o tribut\u00e1ria: \u201cO semin\u00e1rio, que abordou a Reforma Tribut\u00e1ria do Consumo (RTC), a fiscaliza\u00e7\u00e3o conjunta e a governan\u00e7a do IBS, as medidas urgentes para estados e munic\u00edpios e o uso da Intelig\u00eancia Artificial nas atividades do Auditor Fiscal, destacou-se pela abordagem de especialistas, fortalecendo a capacidade dos entes federativos de enfrentar os desafios da reforma e avan\u00e7ar na moderniza\u00e7\u00e3o da gest\u00e3o tribut\u00e1ria com efici\u00eancia, transpar\u00eancia e inova\u00e7\u00e3o\u201d, afirmou Barbiero.&nbsp;<\/p>\n\n\n\n<p>O evento refor\u00e7ou o compromisso das administra\u00e7\u00f5es fazend\u00e1rias em promover um di\u00e1logo t\u00e9cnico e cooperativo entre as diferentes esferas de governo, contribuindo para uma reforma tribut\u00e1ria mais justa, integrada e eficiente.&nbsp;<\/p>\n","protected":false},"excerpt":{"rendered":"<p>Evento reuniu auditores fiscais para debater a Reforma Tribut\u00e1ria do Consumo e o fortalecimento da integra\u00e7\u00e3o entre os fiscos&nbsp; O secret\u00e1rio municipal de Fazenda de Niter\u00f3i, Cesar Augusto Barbiero, e [&hellip;]<\/p>\n","protected":false},"author":49,"featured_media":33218,"comment_status":"closed","ping_status":"closed","sticky":false,"template":"","format":"standard","meta":{"_et_pb_use_builder":"","_et_pb_old_content":"","_et_gb_content_width":"","_usar_header_alternativo":false,"footnotes":""},"categories":[10],"tags":[],"class_list":["post-33217","post","type-post","status-publish","format-standard","has-post-thumbnail","hentry","category-noticias","et-has-post-format-content","et_post_format-et-post-format-standard"],"_links":{"self":[{"href":"https:\/\/www.fazenda.niteroi.rj.gov.br\/site\/wp-json\/wp\/v2\/posts\/33217","targetHints":{"allow":["GET"]}}],"collection":[{"href":"https:\/\/www.fazenda.niteroi.rj.gov.br\/site\/wp-json\/wp\/v2\/posts"}],"about":[{"href":"https:\/\/www.fazenda.niteroi.rj.gov.br\/site\/wp-json\/wp\/v2\/types\/post"}],"author":[{"embeddable":true,"href":"https:\/\/www.fazenda.niteroi.rj.gov.br\/site\/wp-json\/wp\/v2\/users\/49"}],"replies":[{"embeddable":true,"href":"https:\/\/www.fazenda.niteroi.rj.gov.br\/site\/wp-json\/wp\/v2\/comments?post=33217"}],"version-history":[{"count":1,"href":"https:\/\/www.fazenda.niteroi.rj.gov.br\/site\/wp-json\/wp\/v2\/posts\/33217\/revisions"}],"predecessor-version":[{"id":33219,"href":"https:\/\/www.fazenda.niteroi.rj.gov.br\/site\/wp-json\/wp\/v2\/posts\/33217\/revisions\/33219"}],"wp:featuredmedia":[{"embeddable":true,"href":"https:\/\/www.fazenda.niteroi.rj.gov.br\/site\/wp-json\/wp\/v2\/media\/33218"}],"wp:attachment":[{"href":"https:\/\/www.fazenda.niteroi.rj.gov.br\/site\/wp-json\/wp\/v2\/media?parent=33217"}],"wp:term":[{"taxonomy":"category","embeddable":true,"href":"https:\/\/www.fazenda.niteroi.rj.gov.br\/site\/wp-json\/wp\/v2\/categories?post=33217"},{"taxonomy":"post_tag","embeddable":true,"href":"https:\/\/www.fazenda.niteroi.rj.gov.br\/site\/wp-json\/wp\/v2\/tags?post=33217"}],"curies":[{"name":"wp","href":"https:\/\/api.w.org\/{rel}","templated":true}]}}