{"id":33436,"date":"2025-10-27T10:00:00","date_gmt":"2025-10-27T13:00:00","guid":{"rendered":"https:\/\/www.fazenda.niteroi.rj.gov.br\/site\/?p=33436"},"modified":"2025-10-27T10:39:03","modified_gmt":"2025-10-27T13:39:03","slug":"secretaria-da-fazenda-de-niteroi-promove-acoes-do-outubro-rosa-com-palestra-e-campanha-solidaria","status":"publish","type":"post","link":"https:\/\/www.fazenda.niteroi.rj.gov.br\/site\/secretaria-da-fazenda-de-niteroi-promove-acoes-do-outubro-rosa-com-palestra-e-campanha-solidaria\/","title":{"rendered":"Secretaria da Fazenda de Niter\u00f3i promove a\u00e7\u00f5es do Outubro Rosa com palestra e campanha solid\u00e1ria"},"content":{"rendered":"\n<p class=\"has-text-align-center\"><em>Servidores participaram de bate-papo com a professora da UFF, Luc\u00edola de Luca, e arrecadaram doa\u00e7\u00f5es para o Projeto Cinderela, que acolhe mulheres em tratamento oncol\u00f3gico<\/em>&nbsp;<\/p>\n\n\n\n<p>A Secretaria Municipal de Fazenda de Niter\u00f3i realizou, ao longo do m\u00eas de outubro, mais uma edi\u00e7\u00e3o de a\u00e7\u00f5es voltadas para o Outubro Rosa. Al\u00e9m da tradicional foto dos servidores, vestindo camisas rosas em apoio \u00e0 causa, a programa\u00e7\u00e3o deste ano contou com uma atividade especial. Os servidores participaram de uma palestra conduzida por Luc\u00edola de Luca, professora adjunta da Faculdade de Odontologia da Universidade Federal Fluminense (UFF) e coordenadora do Projeto Cinderela.&nbsp;&nbsp;<\/p>\n\n\n\n<p>No encontro, foram abordados temas relevantes para a sa\u00fade da mulher, dados sobre o c\u00e2ncer de mama no Brasil e os principais desafios enfrentados pelas pacientes durante o tratamento oncol\u00f3gico.&nbsp;&nbsp;<\/p>\n\n\n\n<p>O Projeto Cinderela, criado e mantido por professores e alunos da UFF, tem como miss\u00e3o acolher e cuidar de mulheres em tratamento contra o c\u00e2ncer, oferecendo atendimento odontol\u00f3gico e oficinas que contribuem para a autoestima e o bem-estar. A iniciativa conta ainda com o apoio de volunt\u00e1rios, como fot\u00f3grafos e maquiadores, e funciona gra\u00e7as a editais e doa\u00e7\u00f5es da sociedade civil.&nbsp;<\/p>\n\n\n\n<p>\u201cA SMF teve a honra de receber a coordenadora do Projeto Cinderela. Muitas pessoas ainda n\u00e3o conhecem essa iniciativa, que tem como objetivo resgatar a autoestima de mulheres em tratamento contra o c\u00e2ncer. Foi emocionante conhecer de perto esse trabalho, que envolve desde os cuidados com a sa\u00fade bucal, muito afetada pelos efeitos do tratamento, at\u00e9 a aten\u00e7\u00e3o \u00e0 face e \u00e0 apar\u00eancia em geral, tornando esse momento menos traum\u00e1tico e mais acolhedor. O dia de cada paciente se transforma em um verdadeiro dia de princesa. O que mais encanta \u00e9 a amorosidade que move toda a equipe. Parab\u00e9ns \u00e0 Faculdade de Odontologia da UFF e \u00e0 professora Luc\u00edola de Luca por essa iniciativa t\u00e3o inspiradora\u201d &#8211; conta Paula Barros, Chefe de Gabinete.\u00a0\u00a0<\/p>\n\n\n\n<p>Com iniciativas que unem informa\u00e7\u00e3o, solidariedade e empatia, a SMF refor\u00e7a seu compromisso de apoiar causas que promovem sa\u00fade, bem-estar e valoriza\u00e7\u00e3o da vida.&nbsp;<\/p>\n","protected":false},"excerpt":{"rendered":"<p>Servidores participaram de bate-papo com a professora da UFF, Luc\u00edola de Luca, e arrecadaram doa\u00e7\u00f5es para o Projeto Cinderela, que acolhe mulheres em tratamento oncol\u00f3gico&nbsp; A Secretaria Municipal de Fazenda [&hellip;]<\/p>\n","protected":false},"author":49,"featured_media":33437,"comment_status":"closed","ping_status":"closed","sticky":false,"template":"","format":"standard","meta":{"_et_pb_use_builder":"","_et_pb_old_content":"","_et_gb_content_width":"","_usar_header_alternativo":false,"footnotes":""},"categories":[10],"tags":[],"class_list":["post-33436","post","type-post","status-publish","format-standard","has-post-thumbnail","hentry","category-noticias","et-has-post-format-content","et_post_format-et-post-format-standard"],"_links":{"self":[{"href":"https:\/\/www.fazenda.niteroi.rj.gov.br\/site\/wp-json\/wp\/v2\/posts\/33436","targetHints":{"allow":["GET"]}}],"collection":[{"href":"https:\/\/www.fazenda.niteroi.rj.gov.br\/site\/wp-json\/wp\/v2\/posts"}],"about":[{"href":"https:\/\/www.fazenda.niteroi.rj.gov.br\/site\/wp-json\/wp\/v2\/types\/post"}],"author":[{"embeddable":true,"href":"https:\/\/www.fazenda.niteroi.rj.gov.br\/site\/wp-json\/wp\/v2\/users\/49"}],"replies":[{"embeddable":true,"href":"https:\/\/www.fazenda.niteroi.rj.gov.br\/site\/wp-json\/wp\/v2\/comments?post=33436"}],"version-history":[{"count":2,"href":"https:\/\/www.fazenda.niteroi.rj.gov.br\/site\/wp-json\/wp\/v2\/posts\/33436\/revisions"}],"predecessor-version":[{"id":33458,"href":"https:\/\/www.fazenda.niteroi.rj.gov.br\/site\/wp-json\/wp\/v2\/posts\/33436\/revisions\/33458"}],"wp:featuredmedia":[{"embeddable":true,"href":"https:\/\/www.fazenda.niteroi.rj.gov.br\/site\/wp-json\/wp\/v2\/media\/33437"}],"wp:attachment":[{"href":"https:\/\/www.fazenda.niteroi.rj.gov.br\/site\/wp-json\/wp\/v2\/media?parent=33436"}],"wp:term":[{"taxonomy":"category","embeddable":true,"href":"https:\/\/www.fazenda.niteroi.rj.gov.br\/site\/wp-json\/wp\/v2\/categories?post=33436"},{"taxonomy":"post_tag","embeddable":true,"href":"https:\/\/www.fazenda.niteroi.rj.gov.br\/site\/wp-json\/wp\/v2\/tags?post=33436"}],"curies":[{"name":"wp","href":"https:\/\/api.w.org\/{rel}","templated":true}]}}