{"id":34150,"date":"2025-12-10T18:00:00","date_gmt":"2025-12-10T21:00:00","guid":{"rendered":"https:\/\/www.fazenda.niteroi.rj.gov.br\/site\/?p=34150"},"modified":"2025-12-10T17:14:00","modified_gmt":"2025-12-10T20:14:00","slug":"formatura-do-fazendo-por-elas-celebra-autonomia-e-novas-perspectivas-para-mulheres-participantes","status":"publish","type":"post","link":"https:\/\/www.fazenda.niteroi.rj.gov.br\/site\/formatura-do-fazendo-por-elas-celebra-autonomia-e-novas-perspectivas-para-mulheres-participantes\/","title":{"rendered":"Formatura do \u201cFazendo por Elas\u201d celebra autonomia e novas perspectivas para mulheres participantes"},"content":{"rendered":"\n<p><em>Evento celebrou a conclus\u00e3o do projeto e destacou seu impacto na vida das participantes<\/em><\/p>\n\n\n\n<p>A manh\u00e3 desta quarta-feira (10), foi marcada pela formatura das turmas do \u201cFazendo por Elas\u201d, projeto dedicado ao fortalecimento econ\u00f4mico e social de mulheres atrav\u00e9s de capacita\u00e7\u00f5es, orienta\u00e7\u00f5es t\u00e9cnicas e atividades formativas. A cerim\u00f4nia reuniu participantes, familiares e autoridades que celebraram os resultados alcan\u00e7ados ao longo dos encontros.<\/p>\n\n\n\n<p>Estiveram presentes o Secret\u00e1rio Municipal de Fazenda, Cesar Augusto Barbiero; a Assessora de Pol\u00edticas Transversais da Secretaria da Mulher, Ana Beatriz Quiroga; a Secret\u00e1ria da Mulher, Thaiana Ivia; o Subsecret\u00e1rio de Receita Municipal e Gestor do Projeto, Vin\u00edcius Fundo; as Auditoras Fiscais da SMF, Eduarda Cadena e Maria Helena Alves; al\u00e9m das Assessoras de Comunica\u00e7\u00e3o, Andressa da Hora e Clara Oliveira.<\/p>\n\n\n\n<p>Durante a cerim\u00f4nia, as autoridades ressaltaram a import\u00e2ncia de pol\u00edticas p\u00fablicas que promovam autonomia, capacita\u00e7\u00e3o e oportunidade para mulheres em situa\u00e7\u00e3o de vulnerabilidade. O projeto tem sido reconhecido pela sua capacidade de transformar trajet\u00f3rias, oferecendo ferramentas concretas para gera\u00e7\u00e3o de renda e independ\u00eancia.<\/p>\n\n\n\n<p>Um dos momentos mais emocionantes da formatura ocorreu quando Karoline Anast\u00e1cia, uma das alunas, compartilhou sua experi\u00eancia: \u201cFoi uma oportunidade incr\u00edvel para mim. Eu j\u00e1 atuo como aut\u00f4noma\/MEI h\u00e1 muitos anos, e naquele momento pude aprender como me manter totalmente regular dentro das normas da Receita Federal. No curso, aprendi cada passo: desde a abertura do MEI at\u00e9 a emiss\u00e3o correta de notas fiscais. Para mim, foi algo muito importante, um verdadeiro divisor de \u00e1guas\u201d, conta.<\/p>\n\n\n\n<p>Encerrando o evento, as formandas receberam seus certificados e celebraram juntas a conclus\u00e3o de mais uma etapa significativa em dire\u00e7\u00e3o ao fortalecimento pessoal e profissional. O \u201cFazendo por Elas\u201d segue como um marco no compromisso do munic\u00edpio com pol\u00edticas de inclus\u00e3o, respeito e protagonismo feminino.<\/p>\n","protected":false},"excerpt":{"rendered":"<p>Evento celebrou a conclus\u00e3o do projeto e destacou seu impacto na vida das participantes A manh\u00e3 desta quarta-feira (10), foi marcada pela formatura das turmas do \u201cFazendo por Elas\u201d, projeto [&hellip;]<\/p>\n","protected":false},"author":49,"featured_media":34151,"comment_status":"closed","ping_status":"closed","sticky":false,"template":"","format":"standard","meta":{"_et_pb_use_builder":"","_et_pb_old_content":"","_et_gb_content_width":"","_usar_header_alternativo":false,"footnotes":""},"categories":[10],"tags":[],"class_list":["post-34150","post","type-post","status-publish","format-standard","has-post-thumbnail","hentry","category-noticias","et-has-post-format-content","et_post_format-et-post-format-standard"],"_links":{"self":[{"href":"https:\/\/www.fazenda.niteroi.rj.gov.br\/site\/wp-json\/wp\/v2\/posts\/34150","targetHints":{"allow":["GET"]}}],"collection":[{"href":"https:\/\/www.fazenda.niteroi.rj.gov.br\/site\/wp-json\/wp\/v2\/posts"}],"about":[{"href":"https:\/\/www.fazenda.niteroi.rj.gov.br\/site\/wp-json\/wp\/v2\/types\/post"}],"author":[{"embeddable":true,"href":"https:\/\/www.fazenda.niteroi.rj.gov.br\/site\/wp-json\/wp\/v2\/users\/49"}],"replies":[{"embeddable":true,"href":"https:\/\/www.fazenda.niteroi.rj.gov.br\/site\/wp-json\/wp\/v2\/comments?post=34150"}],"version-history":[{"count":1,"href":"https:\/\/www.fazenda.niteroi.rj.gov.br\/site\/wp-json\/wp\/v2\/posts\/34150\/revisions"}],"predecessor-version":[{"id":34152,"href":"https:\/\/www.fazenda.niteroi.rj.gov.br\/site\/wp-json\/wp\/v2\/posts\/34150\/revisions\/34152"}],"wp:featuredmedia":[{"embeddable":true,"href":"https:\/\/www.fazenda.niteroi.rj.gov.br\/site\/wp-json\/wp\/v2\/media\/34151"}],"wp:attachment":[{"href":"https:\/\/www.fazenda.niteroi.rj.gov.br\/site\/wp-json\/wp\/v2\/media?parent=34150"}],"wp:term":[{"taxonomy":"category","embeddable":true,"href":"https:\/\/www.fazenda.niteroi.rj.gov.br\/site\/wp-json\/wp\/v2\/categories?post=34150"},{"taxonomy":"post_tag","embeddable":true,"href":"https:\/\/www.fazenda.niteroi.rj.gov.br\/site\/wp-json\/wp\/v2\/tags?post=34150"}],"curies":[{"name":"wp","href":"https:\/\/api.w.org\/{rel}","templated":true}]}}