{"id":34373,"date":"2026-01-26T17:41:37","date_gmt":"2026-01-26T20:41:37","guid":{"rendered":"https:\/\/www.fazenda.niteroi.rj.gov.br\/site\/?p=34373"},"modified":"2026-01-26T17:49:34","modified_gmt":"2026-01-26T20:49:34","slug":"secretario-de-fazenda-e-eleito-suplente-no-conselho-superior-provisorio-do-comite-gestor-do-ibs","status":"publish","type":"post","link":"https:\/\/www.fazenda.niteroi.rj.gov.br\/site\/secretario-de-fazenda-e-eleito-suplente-no-conselho-superior-provisorio-do-comite-gestor-do-ibs\/","title":{"rendered":"Secret\u00e1rio de Fazenda \u00e9 eleito suplente no Conselho Superior Provis\u00f3rio do Comit\u00ea Gestor do IBS"},"content":{"rendered":"\n<p><em>Cesar Augusto Barbiero foi eleito entre os primeiros suplentes em decis\u00e3o un\u00e2nime durante Assembleia da Frente Nacional de Prefeitas e Prefeitos<\/em>&nbsp;<\/p>\n\n\n\n<p>Na \u00faltima sexta-feira (23), o secret\u00e1rio de Fazenda de Niter\u00f3i, Cesar Augusto Barbiero, foi escolhido entre os primeiros suplentes do Conselho Superior Provis\u00f3rio do Comit\u00ea Gestor do Imposto sobre Bens e Servi\u00e7os (CG-IBS). A decis\u00e3o foi tomada de forma un\u00e2nime por prefeitas e prefeitos das cidades mais populosas do pa\u00eds.&nbsp;<\/p>\n\n\n\n<p>A escolha ocorreu durante a Assembleia Geral Extraordin\u00e1ria da Frente Nacional de Prefeitas e Prefeitos (FNP), realizada em formato virtual, e marca o in\u00edcio oficial da participa\u00e7\u00e3o dos munic\u00edpios na governan\u00e7a da Reforma Tribut\u00e1ria. Ao todo, foram definidos 39 representantes, sendo 13 titulares e 26 suplentes, respeitando crit\u00e9rios t\u00e9cnicos, de representatividade regional e populacional estabelecidos em lei.&nbsp;<\/p>\n\n\n\n<p>\u201cO Conselho Superior do Comit\u00ea Gestor do Imposto sobre Bens e Servi\u00e7os (CGIBS), institu\u00eddo no \u00e2mbito da Reforma Tribut\u00e1ria, passou a contar com novos representantes dos munic\u00edpios de m\u00e9dio e grande porte, indicados pela Frente Nacional de Prefeitas e Prefeitos (FNP). Estou entre os escolhidos, representando Niter\u00f3i (RJ), assumindo a vaga de primeiro suplente, por indica\u00e7\u00e3o do prefeito Rodrigo Neves. A atualiza\u00e7\u00e3o da composi\u00e7\u00e3o do colegiado representa um avan\u00e7o na implementa\u00e7\u00e3o do IBS, tributo que concentrar\u00e1 a principal arrecada\u00e7\u00e3o de estados e munic\u00edpios. O Conselho ter\u00e1 papel estrat\u00e9gico na governan\u00e7a do novo sistema tribut\u00e1rio, atuando na organiza\u00e7\u00e3o das regras de funcionamento, na promo\u00e7\u00e3o do desenvolvimento econ\u00f4mico e na sustentabilidade fiscal, pilares centrais da Reforma Tribut\u00e1ria\u201d, afirmou Cesar Augusto Barbiero.&nbsp;<\/p>\n\n\n\n<p>O Conselho Superior Provis\u00f3rio do CG-IBS ter\u00e1 papel estrat\u00e9gico na estrutura\u00e7\u00e3o e no funcionamento do novo imposto, garantindo a representa\u00e7\u00e3o dos entes municipais no processo de implementa\u00e7\u00e3o da Reforma Tribut\u00e1ria.&nbsp;<\/p>\n","protected":false},"excerpt":{"rendered":"<p>Cesar Augusto Barbiero foi eleito entre os primeiros suplentes em decis\u00e3o un\u00e2nime durante Assembleia da Frente Nacional de Prefeitas e Prefeitos&nbsp; Na \u00faltima sexta-feira (23), o secret\u00e1rio de Fazenda de [&hellip;]<\/p>\n","protected":false},"author":48,"featured_media":34374,"comment_status":"closed","ping_status":"closed","sticky":false,"template":"","format":"standard","meta":{"_et_pb_use_builder":"","_et_pb_old_content":"","_et_gb_content_width":"","_usar_header_alternativo":false,"footnotes":""},"categories":[10,116],"tags":[],"class_list":["post-34373","post","type-post","status-publish","format-standard","has-post-thumbnail","hentry","category-noticias","category-rascunhos","et-has-post-format-content","et_post_format-et-post-format-standard"],"_links":{"self":[{"href":"https:\/\/www.fazenda.niteroi.rj.gov.br\/site\/wp-json\/wp\/v2\/posts\/34373","targetHints":{"allow":["GET"]}}],"collection":[{"href":"https:\/\/www.fazenda.niteroi.rj.gov.br\/site\/wp-json\/wp\/v2\/posts"}],"about":[{"href":"https:\/\/www.fazenda.niteroi.rj.gov.br\/site\/wp-json\/wp\/v2\/types\/post"}],"author":[{"embeddable":true,"href":"https:\/\/www.fazenda.niteroi.rj.gov.br\/site\/wp-json\/wp\/v2\/users\/48"}],"replies":[{"embeddable":true,"href":"https:\/\/www.fazenda.niteroi.rj.gov.br\/site\/wp-json\/wp\/v2\/comments?post=34373"}],"version-history":[{"count":2,"href":"https:\/\/www.fazenda.niteroi.rj.gov.br\/site\/wp-json\/wp\/v2\/posts\/34373\/revisions"}],"predecessor-version":[{"id":34377,"href":"https:\/\/www.fazenda.niteroi.rj.gov.br\/site\/wp-json\/wp\/v2\/posts\/34373\/revisions\/34377"}],"wp:featuredmedia":[{"embeddable":true,"href":"https:\/\/www.fazenda.niteroi.rj.gov.br\/site\/wp-json\/wp\/v2\/media\/34374"}],"wp:attachment":[{"href":"https:\/\/www.fazenda.niteroi.rj.gov.br\/site\/wp-json\/wp\/v2\/media?parent=34373"}],"wp:term":[{"taxonomy":"category","embeddable":true,"href":"https:\/\/www.fazenda.niteroi.rj.gov.br\/site\/wp-json\/wp\/v2\/categories?post=34373"},{"taxonomy":"post_tag","embeddable":true,"href":"https:\/\/www.fazenda.niteroi.rj.gov.br\/site\/wp-json\/wp\/v2\/tags?post=34373"}],"curies":[{"name":"wp","href":"https:\/\/api.w.org\/{rel}","templated":true}]}}