{"id":34626,"date":"2026-03-12T14:00:00","date_gmt":"2026-03-12T17:00:00","guid":{"rendered":"https:\/\/www.fazenda.niteroi.rj.gov.br\/site\/?p=34626"},"modified":"2026-03-12T10:25:40","modified_gmt":"2026-03-12T13:25:40","slug":"secretario-cesar-augusto-barbiero-participa-do-segundo-encontro-de-gestores-do-ano","status":"publish","type":"post","link":"https:\/\/www.fazenda.niteroi.rj.gov.br\/site\/secretario-cesar-augusto-barbiero-participa-do-segundo-encontro-de-gestores-do-ano\/","title":{"rendered":"Secret\u00e1rio Cesar Augusto Barbiero participa do segundo Encontro de Gestores do ano"},"content":{"rendered":"\n<p class=\"has-text-align-center\"><em>A SMF atuar\u00e1 no fortalecimento de novos meios de arrecada\u00e7\u00e3o e no impulsionamento de setores econ\u00f4micos para apoiar o desenvolvimento sustent\u00e1vel da cidade<\/em><\/p>\n\n\n\n<p class=\"has-text-align-left\">A Secretaria Municipal de Fazenda (SMF) participou do 2\u00ba Encontro de Gestores, um importante momento de alinhamento estrat\u00e9gico da administra\u00e7\u00e3o municipal. Durante o encontro, foram apresentadas as grandes metas que o munic\u00edpio pretende alcan\u00e7ar por meio do Niter\u00f3i Que Queremos 2050, iniciativa que orienta o planejamento e o desenvolvimento da cidade para as pr\u00f3ximas d\u00e9cadas.<\/p>\n\n\n\n<p>O encontro reuniu gestores municipais para discutir diretrizes, estrat\u00e9gias e a\u00e7\u00f5es necess\u00e1rias para transformar os objetivos de longo prazo em pol\u00edticas p\u00fablicas concretas.<\/p>\n\n\n\n<p>Nesse contexto, a SMF ter\u00e1 papel fundamental na mobiliza\u00e7\u00e3o para o alcance dessas metas, contribuindo por meio do fortalecimento de novos meios de arrecada\u00e7\u00e3o e do impulsionamento de novos setores econ\u00f4micos do munic\u00edpio.<\/p>\n\n\n\n<p class=\"has-text-align-left\">A participa\u00e7\u00e3o da secretaria refor\u00e7a o compromisso da gest\u00e3o com o planejamento estrat\u00e9gico e com a constru\u00e7\u00e3o de uma Niter\u00f3i cada vez mais inovadora, sustent\u00e1vel e preparada para o futuro.<\/p>\n","protected":false},"excerpt":{"rendered":"<p>A SMF atuar\u00e1 no fortalecimento de novos meios de arrecada\u00e7\u00e3o e no impulsionamento de setores econ\u00f4micos para apoiar o desenvolvimento sustent\u00e1vel da cidade A Secretaria Municipal de Fazenda (SMF) participou [&hellip;]<\/p>\n","protected":false},"author":48,"featured_media":34627,"comment_status":"closed","ping_status":"closed","sticky":false,"template":"","format":"standard","meta":{"_et_pb_use_builder":"","_et_pb_old_content":"","_et_gb_content_width":"","_usar_header_alternativo":false,"footnotes":""},"categories":[10],"tags":[],"class_list":["post-34626","post","type-post","status-publish","format-standard","has-post-thumbnail","hentry","category-noticias","et-has-post-format-content","et_post_format-et-post-format-standard"],"_links":{"self":[{"href":"https:\/\/www.fazenda.niteroi.rj.gov.br\/site\/wp-json\/wp\/v2\/posts\/34626","targetHints":{"allow":["GET"]}}],"collection":[{"href":"https:\/\/www.fazenda.niteroi.rj.gov.br\/site\/wp-json\/wp\/v2\/posts"}],"about":[{"href":"https:\/\/www.fazenda.niteroi.rj.gov.br\/site\/wp-json\/wp\/v2\/types\/post"}],"author":[{"embeddable":true,"href":"https:\/\/www.fazenda.niteroi.rj.gov.br\/site\/wp-json\/wp\/v2\/users\/48"}],"replies":[{"embeddable":true,"href":"https:\/\/www.fazenda.niteroi.rj.gov.br\/site\/wp-json\/wp\/v2\/comments?post=34626"}],"version-history":[{"count":2,"href":"https:\/\/www.fazenda.niteroi.rj.gov.br\/site\/wp-json\/wp\/v2\/posts\/34626\/revisions"}],"predecessor-version":[{"id":34634,"href":"https:\/\/www.fazenda.niteroi.rj.gov.br\/site\/wp-json\/wp\/v2\/posts\/34626\/revisions\/34634"}],"wp:featuredmedia":[{"embeddable":true,"href":"https:\/\/www.fazenda.niteroi.rj.gov.br\/site\/wp-json\/wp\/v2\/media\/34627"}],"wp:attachment":[{"href":"https:\/\/www.fazenda.niteroi.rj.gov.br\/site\/wp-json\/wp\/v2\/media?parent=34626"}],"wp:term":[{"taxonomy":"category","embeddable":true,"href":"https:\/\/www.fazenda.niteroi.rj.gov.br\/site\/wp-json\/wp\/v2\/categories?post=34626"},{"taxonomy":"post_tag","embeddable":true,"href":"https:\/\/www.fazenda.niteroi.rj.gov.br\/site\/wp-json\/wp\/v2\/tags?post=34626"}],"curies":[{"name":"wp","href":"https:\/\/api.w.org\/{rel}","templated":true}]}}