{"id":34641,"date":"2026-03-12T13:57:43","date_gmt":"2026-03-12T16:57:43","guid":{"rendered":"https:\/\/www.fazenda.niteroi.rj.gov.br\/site\/?p=34641"},"modified":"2026-03-12T13:58:07","modified_gmt":"2026-03-12T16:58:07","slug":"agenda-05-03-2025-quinta-feira","status":"publish","type":"post","link":"https:\/\/www.fazenda.niteroi.rj.gov.br\/site\/agenda-05-03-2025-quinta-feira\/","title":{"rendered":"Agenda 05.03.2025 (Quinta-feira)"},"content":{"rendered":"\n<p>9h<br>Reuni\u00e3o de Trabalho com Dire\u00e7\u00e3o Executiva do MERCOCIDADES CAF<br>Local: H Niter\u00f3i Hotel<br>13h30<br>Almo\u00e7o com os Prefeitos e Diretores da CAF antes da visita ao Parque Orla de Piratininga<br>16h<br>Comiss\u00e3o de Programa\u00e7\u00e3o Financeira e Gest\u00e3o Fiscal- CPFGF<br>Local: Gabinete do Prefeito<br>19h<br>Cerim\u00f4nia de Posse de Presid\u00eancia e Diretoria<br>Local: C\u00e2mara de Dirigentes Lojistas de Niter\u00f3i-CDL<\/p>\n","protected":false},"excerpt":{"rendered":"<p>9hReuni\u00e3o de Trabalho com Dire\u00e7\u00e3o Executiva do MERCOCIDADES CAFLocal: H Niter\u00f3i Hotel13h30Almo\u00e7o com os Prefeitos e Diretores da CAF antes da visita ao Parque Orla de Piratininga16hComiss\u00e3o de Programa\u00e7\u00e3o Financeira [&hellip;]<\/p>\n","protected":false},"author":49,"featured_media":0,"comment_status":"closed","ping_status":"closed","sticky":false,"template":"","format":"standard","meta":{"_et_pb_use_builder":"","_et_pb_old_content":"","_et_gb_content_width":"","_usar_header_alternativo":false,"footnotes":""},"categories":[394],"tags":[],"class_list":["post-34641","post","type-post","status-publish","format-standard","hentry","category-agenda","et-doesnt-have-format-content","et_post_format-et-post-format-standard"],"_links":{"self":[{"href":"https:\/\/www.fazenda.niteroi.rj.gov.br\/site\/wp-json\/wp\/v2\/posts\/34641","targetHints":{"allow":["GET"]}}],"collection":[{"href":"https:\/\/www.fazenda.niteroi.rj.gov.br\/site\/wp-json\/wp\/v2\/posts"}],"about":[{"href":"https:\/\/www.fazenda.niteroi.rj.gov.br\/site\/wp-json\/wp\/v2\/types\/post"}],"author":[{"embeddable":true,"href":"https:\/\/www.fazenda.niteroi.rj.gov.br\/site\/wp-json\/wp\/v2\/users\/49"}],"replies":[{"embeddable":true,"href":"https:\/\/www.fazenda.niteroi.rj.gov.br\/site\/wp-json\/wp\/v2\/comments?post=34641"}],"version-history":[{"count":1,"href":"https:\/\/www.fazenda.niteroi.rj.gov.br\/site\/wp-json\/wp\/v2\/posts\/34641\/revisions"}],"predecessor-version":[{"id":34642,"href":"https:\/\/www.fazenda.niteroi.rj.gov.br\/site\/wp-json\/wp\/v2\/posts\/34641\/revisions\/34642"}],"wp:attachment":[{"href":"https:\/\/www.fazenda.niteroi.rj.gov.br\/site\/wp-json\/wp\/v2\/media?parent=34641"}],"wp:term":[{"taxonomy":"category","embeddable":true,"href":"https:\/\/www.fazenda.niteroi.rj.gov.br\/site\/wp-json\/wp\/v2\/categories?post=34641"},{"taxonomy":"post_tag","embeddable":true,"href":"https:\/\/www.fazenda.niteroi.rj.gov.br\/site\/wp-json\/wp\/v2\/tags?post=34641"}],"curies":[{"name":"wp","href":"https:\/\/api.w.org\/{rel}","templated":true}]}}