{"id":34977,"date":"2026-04-27T14:10:09","date_gmt":"2026-04-27T17:10:09","guid":{"rendered":"https:\/\/www.fazenda.niteroi.rj.gov.br\/site\/?p=34977"},"modified":"2026-04-27T14:11:43","modified_gmt":"2026-04-27T17:11:43","slug":"prefeitura-municipal-de-niteroi-157","status":"publish","type":"post","link":"https:\/\/www.fazenda.niteroi.rj.gov.br\/site\/prefeitura-municipal-de-niteroi-157\/","title":{"rendered":"PREFEITURA MUNICIPAL DE NITER\u00d3I"},"content":{"rendered":"\n<p>CONSELHO DE CONTRIBUINTES DO MUNIC\u00cdPIO DE NITER\u00d3I \u2013 CC<\/p>\n\n\n\n<p><br>REUNI\u00c3O ADMINISTRATIVA A SER REALIZADA NO DIA 29 DE ABRIL DE 2026, COM IN\u00cdCIO LOGO<br>AP\u00d3S O T\u00c9RMINO DA SESS\u00c3O ORDIN\u00c1RIA 1633, EM SESS\u00c3O PRESENCIAL.<\/p>\n\n\n\n<p><br>70\u00aa Sess\u00e3o Administrativa:<\/p>\n\n\n\n<p><br>PROCESSO: 9900046496\/2026<br>Admiss\u00e3o de solicita\u00e7\u00e3o de interpreta\u00e7\u00e3o oriunda da Administra\u00e7\u00e3o P\u00fablica<\/p>\n\n\n\n<p><br>CC em 27 de abril de 2026<\/p>\n","protected":false},"excerpt":{"rendered":"<p>CONSELHO DE CONTRIBUINTES DO MUNIC\u00cdPIO DE NITER\u00d3I \u2013 CC REUNI\u00c3O ADMINISTRATIVA A SER REALIZADA NO DIA 29 DE ABRIL DE 2026, COM IN\u00cdCIO LOGOAP\u00d3S O T\u00c9RMINO DA SESS\u00c3O ORDIN\u00c1RIA 1633, [&hellip;]<\/p>\n","protected":false},"author":42,"featured_media":0,"comment_status":"closed","ping_status":"closed","sticky":false,"template":"","format":"standard","meta":{"_et_pb_use_builder":"","_et_pb_old_content":"","_et_gb_content_width":"","_usar_header_alternativo":false,"footnotes":""},"categories":[126,132],"tags":[],"class_list":["post-34977","post","type-post","status-publish","format-standard","hentry","category-ccn","category-pautas","et-doesnt-have-format-content","et_post_format-et-post-format-standard"],"_links":{"self":[{"href":"https:\/\/www.fazenda.niteroi.rj.gov.br\/site\/wp-json\/wp\/v2\/posts\/34977","targetHints":{"allow":["GET"]}}],"collection":[{"href":"https:\/\/www.fazenda.niteroi.rj.gov.br\/site\/wp-json\/wp\/v2\/posts"}],"about":[{"href":"https:\/\/www.fazenda.niteroi.rj.gov.br\/site\/wp-json\/wp\/v2\/types\/post"}],"author":[{"embeddable":true,"href":"https:\/\/www.fazenda.niteroi.rj.gov.br\/site\/wp-json\/wp\/v2\/users\/42"}],"replies":[{"embeddable":true,"href":"https:\/\/www.fazenda.niteroi.rj.gov.br\/site\/wp-json\/wp\/v2\/comments?post=34977"}],"version-history":[{"count":1,"href":"https:\/\/www.fazenda.niteroi.rj.gov.br\/site\/wp-json\/wp\/v2\/posts\/34977\/revisions"}],"predecessor-version":[{"id":34978,"href":"https:\/\/www.fazenda.niteroi.rj.gov.br\/site\/wp-json\/wp\/v2\/posts\/34977\/revisions\/34978"}],"wp:attachment":[{"href":"https:\/\/www.fazenda.niteroi.rj.gov.br\/site\/wp-json\/wp\/v2\/media?parent=34977"}],"wp:term":[{"taxonomy":"category","embeddable":true,"href":"https:\/\/www.fazenda.niteroi.rj.gov.br\/site\/wp-json\/wp\/v2\/categories?post=34977"},{"taxonomy":"post_tag","embeddable":true,"href":"https:\/\/www.fazenda.niteroi.rj.gov.br\/site\/wp-json\/wp\/v2\/tags?post=34977"}],"curies":[{"name":"wp","href":"https:\/\/api.w.org\/{rel}","templated":true}]}}