{"id":34982,"date":"2026-04-30T15:13:27","date_gmt":"2026-04-30T18:13:27","guid":{"rendered":"https:\/\/www.fazenda.niteroi.rj.gov.br\/site\/?p=34982"},"modified":"2026-04-30T17:12:23","modified_gmt":"2026-04-30T20:12:23","slug":"comeca-hoje-o-facilita-imposto-de-renda-com-atendimento-a-populacao","status":"publish","type":"post","link":"https:\/\/www.fazenda.niteroi.rj.gov.br\/site\/comeca-hoje-o-facilita-imposto-de-renda-com-atendimento-a-populacao\/","title":{"rendered":"SMF recebe o Facilita CRCRJ"},"content":{"rendered":"\n<p><em>Atendimento acontece at\u00e9 \u00e0s 16h na Central de Atendimento ao Cidad\u00e3o, em parceria com institui\u00e7\u00f5es cont\u00e1beis e entidades locais<\/em><\/p>\n\n\n\n<p>At\u00e9 esta quarta-feira (30\/04), a Secretaria Municipal de Fazenda recebe a a\u00e7\u00e3o FACILITA CRCRJ na Central de Atendimento ao Cidad\u00e3o, das 10h \u00e0s 16h, oferecendo orienta\u00e7\u00e3o e apoio gratuito \u00e0 popula\u00e7\u00e3o no momento da declara\u00e7\u00e3o do Imposto de Renda.<\/p>\n\n\n\n<p>A iniciativa \u00e9 promovida pelo Conselho Regional de Contabilidade do Rio de Janeiro (CRCRJ), em parceria com o Sescon\/RJ e institui\u00e7\u00f5es locais, reunindo profissionais da \u00e1rea cont\u00e1bil para auxiliar os contribuintes e esclarecer d\u00favidas relacionadas ao preenchimento da declara\u00e7\u00e3o.<\/p>\n\n\n\n<p>A a\u00e7\u00e3o refor\u00e7a o compromisso com a educa\u00e7\u00e3o fiscal, a cidadania e o cuidado com a popula\u00e7\u00e3o fluminense, ampliando o acesso \u00e0 informa\u00e7\u00e3o e incentivando a regulariza\u00e7\u00e3o fiscal de forma acess\u00edvel e orientada.<\/p>\n","protected":false},"excerpt":{"rendered":"<p>Atendimento acontece at\u00e9 \u00e0s 16h na Central de Atendimento ao Cidad\u00e3o, em parceria com institui\u00e7\u00f5es cont\u00e1beis e entidades locais At\u00e9 esta quarta-feira (30\/04), a Secretaria Municipal de Fazenda recebe a [&hellip;]<\/p>\n","protected":false},"author":49,"featured_media":34983,"comment_status":"closed","ping_status":"closed","sticky":false,"template":"","format":"standard","meta":{"_et_pb_use_builder":"","_et_pb_old_content":"","_et_gb_content_width":"","_usar_header_alternativo":false,"footnotes":""},"categories":[10],"tags":[],"class_list":["post-34982","post","type-post","status-publish","format-standard","has-post-thumbnail","hentry","category-noticias","et-has-post-format-content","et_post_format-et-post-format-standard"],"_links":{"self":[{"href":"https:\/\/www.fazenda.niteroi.rj.gov.br\/site\/wp-json\/wp\/v2\/posts\/34982","targetHints":{"allow":["GET"]}}],"collection":[{"href":"https:\/\/www.fazenda.niteroi.rj.gov.br\/site\/wp-json\/wp\/v2\/posts"}],"about":[{"href":"https:\/\/www.fazenda.niteroi.rj.gov.br\/site\/wp-json\/wp\/v2\/types\/post"}],"author":[{"embeddable":true,"href":"https:\/\/www.fazenda.niteroi.rj.gov.br\/site\/wp-json\/wp\/v2\/users\/49"}],"replies":[{"embeddable":true,"href":"https:\/\/www.fazenda.niteroi.rj.gov.br\/site\/wp-json\/wp\/v2\/comments?post=34982"}],"version-history":[{"count":2,"href":"https:\/\/www.fazenda.niteroi.rj.gov.br\/site\/wp-json\/wp\/v2\/posts\/34982\/revisions"}],"predecessor-version":[{"id":34989,"href":"https:\/\/www.fazenda.niteroi.rj.gov.br\/site\/wp-json\/wp\/v2\/posts\/34982\/revisions\/34989"}],"wp:featuredmedia":[{"embeddable":true,"href":"https:\/\/www.fazenda.niteroi.rj.gov.br\/site\/wp-json\/wp\/v2\/media\/34983"}],"wp:attachment":[{"href":"https:\/\/www.fazenda.niteroi.rj.gov.br\/site\/wp-json\/wp\/v2\/media?parent=34982"}],"wp:term":[{"taxonomy":"category","embeddable":true,"href":"https:\/\/www.fazenda.niteroi.rj.gov.br\/site\/wp-json\/wp\/v2\/categories?post=34982"},{"taxonomy":"post_tag","embeddable":true,"href":"https:\/\/www.fazenda.niteroi.rj.gov.br\/site\/wp-json\/wp\/v2\/tags?post=34982"}],"curies":[{"name":"wp","href":"https:\/\/api.w.org\/{rel}","templated":true}]}}