{"id":34990,"date":"2026-04-30T17:32:54","date_gmt":"2026-04-30T20:32:54","guid":{"rendered":"https:\/\/www.fazenda.niteroi.rj.gov.br\/site\/?p=34990"},"modified":"2026-04-30T17:33:44","modified_gmt":"2026-04-30T20:33:44","slug":"secretaria-de-fazenda-lanca-nova-etapa-do-fazendo-por-elas-com-formacao-gratuita-para-mulheres","status":"publish","type":"post","link":"https:\/\/www.fazenda.niteroi.rj.gov.br\/site\/secretaria-de-fazenda-lanca-nova-etapa-do-fazendo-por-elas-com-formacao-gratuita-para-mulheres\/","title":{"rendered":"Secretaria de Fazenda\u00a0lan\u00e7a nova etapa do \u201cFazendo por Elas\u201d, com forma\u00e7\u00e3o gratuita para mulheres\u00a0"},"content":{"rendered":"\n<p>A Secretaria Municipal de Fazenda de Niter\u00f3i retoma, no pr\u00f3ximo dia 27 de maio, o projeto \u201cFazendo por Elas\u201d, agora em uma nova fase que amplia o foco na educa\u00e7\u00e3o financeira e no fortalecimento do empreendedorismo feminino. O encontro ser\u00e1 realizado&nbsp;das&nbsp;8h30&nbsp;\u00e0s 17h, na sede da secretaria (Rua da Concei\u00e7\u00e3o n\u00famero 100, no Centro), e \u00e9 gratuito.&nbsp;<\/p>\n\n\n\n<p>Entre os principais diferenciais desta edi\u00e7\u00e3o est\u00e1 a parceria com o Sebrae, que vai oferecer uma aula voltada para finan\u00e7as pessoais e organiza\u00e7\u00e3o de&nbsp;or\u00e7amento, conte\u00fados&nbsp;fundamentais para mulheres que desejam conquistar maior autonomia financeira e estruturar melhor seus neg\u00f3cios.&nbsp;<\/p>\n\n\n\n<p>A programa\u00e7\u00e3o&nbsp;continua&nbsp;com a participa\u00e7\u00e3o das auditoras fiscais Eduarda&nbsp;Cadena&nbsp;e Maria Helena&nbsp;Oliveira, que ir\u00e3o abordar temas relacionados \u00e0 gest\u00e3o fiscal de forma did\u00e1tica e acess\u00edvel.&nbsp;O fiscal de posturas Leonardo Farias dar\u00e1 informa\u00e7\u00f5es sobre alvar\u00e1.&nbsp;Outro destaque \u00e9 a presen\u00e7a da Secretaria Municipal de Desenvolvimento Econ\u00f4mico e Revitaliza\u00e7\u00e3o do Centro (SEDEN), que apresentar\u00e1 iniciativas do programa Niter\u00f3i Empreendedora&nbsp;e&nbsp;da Casa do Empreendedor,&nbsp;conectando as participantes a oportunidades e pol\u00edticas p\u00fablicas de incentivo ao desenvolvimento. O projeto segue sob a gest\u00e3o do subsecret\u00e1rio Vinicius Carlos Fundo.<\/p>\n\n\n\n<p>\u201cRetomar o \u201cFazendo por Elas\u201d com novos parceiros e&nbsp;conte\u00fado&nbsp;atualizado j\u00e1 com os reflexos da Reforma Tribut\u00e1ria&nbsp;\u00e9 um passo importante para ampliar o acesso das mulheres \u00e0 educa\u00e7\u00e3o financeira e \u00e0 informa\u00e7\u00e3o de qualidade. Nosso objetivo \u00e9 oferecer ferramentas pr\u00e1ticas que contribuam tanto para a organiza\u00e7\u00e3o da vida pessoal quanto para o fortalecimento de iniciativas empreendedoras na cidade\u201d, destaca o subsecret\u00e1rio Vinicius Carlos Fundo.&nbsp;<\/p>\n\n\n\n<p>As inscri\u00e7\u00f5es para participar do \u201cFazendo por Elas\u201d estar\u00e3o abertas a partir do dia 24 de abril, por meio das redes sociais da Secretaria Municipal de Fazenda, no perfil @fazendaniteroi. &nbsp;<\/p>\n\n\n\n<p>A retomada do projeto reafirma o compromisso da Prefeitura de Niter\u00f3i com a promo\u00e7\u00e3o da educa\u00e7\u00e3o financeira e o incentivo ao protagonismo feminino, reunindo conhecimento t\u00e9cnico, orienta\u00e7\u00e3o pr\u00e1tica e acesso a pol\u00edticas p\u00fablicas em um ambiente de aprendizado e troca de experi\u00eancias.&nbsp;<\/p>\n\n\n\n<p><strong>SERVI\u00c7O:<\/strong>&nbsp;<\/p>\n\n\n\n<p><strong>Fazendo por Elas | Segunda edi\u00e7\u00e3o \u2013 Finan\u00e7as Pessoais e Gest\u00e3o Fiscal<\/strong>&nbsp;<\/p>\n\n\n\n<p><strong>Inscri\u00e7\u00f5es:<\/strong>&nbsp;a partir de 24 de abril, pelas redes sociais da Secretaria Municipal de Fazenda (@fazendaniteroi) &nbsp;<\/p>\n\n\n\n<p><strong>Data da aula:<\/strong>&nbsp;27 de maio de 2026&nbsp;<\/p>\n\n\n\n<p><strong>Hor\u00e1rio:<\/strong>&nbsp;8h30&nbsp;<\/p>\n\n\n\n<p><strong>Local:<\/strong>&nbsp;Audit\u00f3rio da Secretaria Municipal de Fazenda (Pal\u00e1cio&nbsp;Arariboia)&nbsp;<\/p>\n\n\n\n<p><strong>Endere\u00e7o<\/strong>: Rua da Concei\u00e7\u00e3o, n\u00famero 100, Centro de Niter\u00f3i<\/p>\n","protected":false},"excerpt":{"rendered":"<p>A Secretaria Municipal de Fazenda de Niter\u00f3i retoma, no pr\u00f3ximo dia 27 de maio, o projeto \u201cFazendo por Elas\u201d, agora em uma nova fase que amplia o foco na educa\u00e7\u00e3o [&hellip;]<\/p>\n","protected":false},"author":49,"featured_media":34991,"comment_status":"closed","ping_status":"closed","sticky":false,"template":"","format":"standard","meta":{"_et_pb_use_builder":"","_et_pb_old_content":"","_et_gb_content_width":"","_usar_header_alternativo":false,"footnotes":""},"categories":[10],"tags":[],"class_list":["post-34990","post","type-post","status-publish","format-standard","has-post-thumbnail","hentry","category-noticias","et-has-post-format-content","et_post_format-et-post-format-standard"],"_links":{"self":[{"href":"https:\/\/www.fazenda.niteroi.rj.gov.br\/site\/wp-json\/wp\/v2\/posts\/34990","targetHints":{"allow":["GET"]}}],"collection":[{"href":"https:\/\/www.fazenda.niteroi.rj.gov.br\/site\/wp-json\/wp\/v2\/posts"}],"about":[{"href":"https:\/\/www.fazenda.niteroi.rj.gov.br\/site\/wp-json\/wp\/v2\/types\/post"}],"author":[{"embeddable":true,"href":"https:\/\/www.fazenda.niteroi.rj.gov.br\/site\/wp-json\/wp\/v2\/users\/49"}],"replies":[{"embeddable":true,"href":"https:\/\/www.fazenda.niteroi.rj.gov.br\/site\/wp-json\/wp\/v2\/comments?post=34990"}],"version-history":[{"count":1,"href":"https:\/\/www.fazenda.niteroi.rj.gov.br\/site\/wp-json\/wp\/v2\/posts\/34990\/revisions"}],"predecessor-version":[{"id":34992,"href":"https:\/\/www.fazenda.niteroi.rj.gov.br\/site\/wp-json\/wp\/v2\/posts\/34990\/revisions\/34992"}],"wp:featuredmedia":[{"embeddable":true,"href":"https:\/\/www.fazenda.niteroi.rj.gov.br\/site\/wp-json\/wp\/v2\/media\/34991"}],"wp:attachment":[{"href":"https:\/\/www.fazenda.niteroi.rj.gov.br\/site\/wp-json\/wp\/v2\/media?parent=34990"}],"wp:term":[{"taxonomy":"category","embeddable":true,"href":"https:\/\/www.fazenda.niteroi.rj.gov.br\/site\/wp-json\/wp\/v2\/categories?post=34990"},{"taxonomy":"post_tag","embeddable":true,"href":"https:\/\/www.fazenda.niteroi.rj.gov.br\/site\/wp-json\/wp\/v2\/tags?post=34990"}],"curies":[{"name":"wp","href":"https:\/\/api.w.org\/{rel}","templated":true}]}}