{"id":3567,"date":"2014-10-09T16:17:03","date_gmt":"2014-10-09T19:17:03","guid":{"rendered":"http:\/\/fazenda.niteroi.rj.gov.br\/site\/?p=3567"},"modified":"2017-01-16T16:26:03","modified_gmt":"2017-01-16T18:26:03","slug":"acordao-1-6992014","status":"publish","type":"post","link":"https:\/\/www.fazenda.niteroi.rj.gov.br\/site\/acordao-1-6992014\/","title":{"rendered":"Ac\u00f3rd\u00e3o 1.699\/2014"},"content":{"rendered":"<ul>\n<li>735\u00ba Sess\u00e3o Ordin\u00e1ria, de 09\/10\/2014<\/li>\n<li>Processos: 030\/017265\/2014<\/li>\n<li>Recorrente:\u00a0Suely Moeda da Frota<\/li>\n<li>Ementa: \u201d Recurso Volunt\u00e1rio contra decis\u00e3o de Primeira Inst\u00e2ncia interposto pela filha de titular falecida de im\u00f3vel pela negativa de renova\u00e7\u00e3o de isen\u00e7\u00e3o de IPTU. Todos os requisitos para renova\u00e7\u00e3o da Isen\u00e7\u00e3o inscri\u00e7\u00e3o foram comprovados. N\u00e3o houve desinteresse por parte das requerentes e sim falha na comunica\u00e7\u00e3o escrita. Manuten\u00e7\u00e3o da isen\u00e7\u00e3o at\u00e9 o t\u00e9rmino do exerc\u00edcio de 2014. Nova comprova\u00e7\u00e3o necess\u00e1ria para 2015.&#8221;<\/li>\n<li>Inteiro Teor:\u00a0<a href=\"http:\/\/fazenda.niteroi.rj.gov.br\/site\/wp-content\/uploads\/2017\/01\/acordao-1699-14.pdf\">Ac\u00f3rd\u00e3o 1.699\/2014<\/a><\/li>\n<\/ul>\n<ul>\n<li><strong>Enviado\u00a0 ao Prefeito para homologa\u00e7\u00e3o em: 09\/10\/2014.<\/strong><\/li>\n<\/ul>\n<p>De acordo com\u00a0 o que preceitua o Art.40 e Art. 63\u00a0 do Decreto 10487\/09, que estabelece as decis\u00f5es do Conselho ser\u00e3o submetidas a ato homologat\u00f3rio do Prefeito Municipal, precedido de manifesta\u00e7\u00e3o do Secret\u00e1rio de Fazenda.<\/p>\n<ul>\n<li><strong>Data da Homologa\u00e7\u00e3o:24\/10\/2014<\/strong><\/li>\n<\/ul>\n<p>Conforme o arquivo que est\u00e1 no link a seguir :\u00a0<a href=\"http:\/\/fazenda.niteroi.rj.gov.br\/site\/wp-content\/uploads\/2017\/01\/homologado-1699-14.pdf\">Homologa\u00e7\u00e3o do Secret\u00e1rio Municipal de Fazenda<\/a><\/p>\n<ul>\n<li><strong>Publicado em Di\u00e1rio Oficial de 04\/11\/2014.<\/strong><\/li>\n<\/ul>\n","protected":false},"excerpt":{"rendered":"<p>Ementa: \u201d Recurso Volunt\u00e1rio contra decis\u00e3o de Primeira Inst\u00e2ncia interposto pela filha de titular falecida de im\u00f3vel pela negativa de renova\u00e7\u00e3o de isen\u00e7\u00e3o de IPTU. Todos os requisitos para renova\u00e7\u00e3o da Isen\u00e7\u00e3o inscri\u00e7\u00e3o foram comprovados. N\u00e3o houve desinteresse por parte das requerentes e sim falha na comunica\u00e7\u00e3o escrita. Manuten\u00e7\u00e3o da isen\u00e7\u00e3o at\u00e9 o t\u00e9rmino do exerc\u00edcio de 2014. Nova comprova\u00e7\u00e3o necess\u00e1ria para 2015.&#8221;<\/p>\n","protected":false},"author":4,"featured_media":1623,"comment_status":"closed","ping_status":"closed","sticky":false,"template":"","format":"standard","meta":{"_et_pb_use_builder":"","_et_pb_old_content":"","_et_gb_content_width":"","_usar_header_alternativo":false,"footnotes":""},"categories":[131],"tags":[],"class_list":["post-3567","post","type-post","status-publish","format-standard","has-post-thumbnail","hentry","category-acordaos","et-has-post-format-content","et_post_format-et-post-format-standard"],"_links":{"self":[{"href":"https:\/\/www.fazenda.niteroi.rj.gov.br\/site\/wp-json\/wp\/v2\/posts\/3567","targetHints":{"allow":["GET"]}}],"collection":[{"href":"https:\/\/www.fazenda.niteroi.rj.gov.br\/site\/wp-json\/wp\/v2\/posts"}],"about":[{"href":"https:\/\/www.fazenda.niteroi.rj.gov.br\/site\/wp-json\/wp\/v2\/types\/post"}],"author":[{"embeddable":true,"href":"https:\/\/www.fazenda.niteroi.rj.gov.br\/site\/wp-json\/wp\/v2\/users\/4"}],"replies":[{"embeddable":true,"href":"https:\/\/www.fazenda.niteroi.rj.gov.br\/site\/wp-json\/wp\/v2\/comments?post=3567"}],"version-history":[{"count":0,"href":"https:\/\/www.fazenda.niteroi.rj.gov.br\/site\/wp-json\/wp\/v2\/posts\/3567\/revisions"}],"wp:featuredmedia":[{"embeddable":true,"href":"https:\/\/www.fazenda.niteroi.rj.gov.br\/site\/wp-json\/wp\/v2\/media\/1623"}],"wp:attachment":[{"href":"https:\/\/www.fazenda.niteroi.rj.gov.br\/site\/wp-json\/wp\/v2\/media?parent=3567"}],"wp:term":[{"taxonomy":"category","embeddable":true,"href":"https:\/\/www.fazenda.niteroi.rj.gov.br\/site\/wp-json\/wp\/v2\/categories?post=3567"},{"taxonomy":"post_tag","embeddable":true,"href":"https:\/\/www.fazenda.niteroi.rj.gov.br\/site\/wp-json\/wp\/v2\/tags?post=3567"}],"curies":[{"name":"wp","href":"https:\/\/api.w.org\/{rel}","templated":true}]}}