{"id":36733,"date":"2026-08-31T12:19:31","date_gmt":"2026-08-31T15:19:31","guid":{"rendered":"https:\/\/www.fazenda.niteroi.rj.gov.br\/site\/?p=36733"},"modified":"2026-08-31T12:23:09","modified_gmt":"2026-08-31T15:23:09","slug":"acordao-no-3547-2026","status":"publish","type":"post","link":"https:\/\/www.fazenda.niteroi.rj.gov.br\/site\/acordao-no-3547-2026\/","title":{"rendered":"\u201cAc\u00f3rd\u00e3o n\u00ba 3547\/2026\u201d"},"content":{"rendered":"\n<p>Sess\u00e3o 1619\u00aa, realizada em 04\/03\/2026<\/p>\n\n\n\n<p>Processo: 9900020143\/2024<\/p>\n\n\n\n<p>Recorrente: Fazenda P\u00fablica Municipal<\/p>\n\n\n\n<p>Recorrido:&nbsp; Eliseu Ferreira Pessoa<\/p>\n\n\n\n<p><strong>\u201cEmenta: IPTU \u2013 Notifica\u00e7\u00e3o de Lan\u00e7amento por revis\u00e3o dos dados cadastrais \u2013 Im\u00f3vel em \u00e1rea de risco. Laudo de avalia\u00e7\u00e3o expedido pela Coordena\u00e7\u00e3o do ITBI munido de todos esclarecimentos objetivos e t\u00e9cnicos. Recurso de of\u00edcio conhecido e desprovido\u201d.<\/strong><\/p>\n\n\n\n<p>Publicado em 21\/03\/2026<\/p>\n\n\n\n<p>Inteiro teor do <a href=\"https:\/\/www.fazenda.niteroi.rj.gov.br\/site\/wp-content\/uploads\/2026\/08\/PROC.-990020143.24-PDF-PUBLICACAO-NO-SITE.pdf\">Ac\u00f3rd\u00e3o n\u00ba 3547\/2026<\/a><\/p>\n","protected":false},"excerpt":{"rendered":"<p> IPTU \u2013 Notifica\u00e7\u00e3o de Lan\u00e7amento por revis\u00e3o dos dados cadastrais \u2013 Im\u00f3vel em \u00e1rea de risco. Laudo de avalia\u00e7\u00e3o expedido pela Coordena\u00e7\u00e3o do ITBI munido de todos esclarecimentos objetivos e t\u00e9cnicos. Recurso de of\u00edcio conhecido e desprovido\u201d.<\/p>\n","protected":false},"author":4,"featured_media":0,"comment_status":"closed","ping_status":"closed","sticky":false,"template":"","format":"standard","meta":{"_et_pb_use_builder":"","_et_pb_old_content":"","_et_gb_content_width":"","_usar_header_alternativo":false,"footnotes":""},"categories":[131,126],"tags":[],"class_list":["post-36733","post","type-post","status-publish","format-standard","hentry","category-acordaos","category-ccn","et-doesnt-have-format-content","et_post_format-et-post-format-standard"],"_links":{"self":[{"href":"https:\/\/www.fazenda.niteroi.rj.gov.br\/site\/wp-json\/wp\/v2\/posts\/36733","targetHints":{"allow":["GET"]}}],"collection":[{"href":"https:\/\/www.fazenda.niteroi.rj.gov.br\/site\/wp-json\/wp\/v2\/posts"}],"about":[{"href":"https:\/\/www.fazenda.niteroi.rj.gov.br\/site\/wp-json\/wp\/v2\/types\/post"}],"author":[{"embeddable":true,"href":"https:\/\/www.fazenda.niteroi.rj.gov.br\/site\/wp-json\/wp\/v2\/users\/4"}],"replies":[{"embeddable":true,"href":"https:\/\/www.fazenda.niteroi.rj.gov.br\/site\/wp-json\/wp\/v2\/comments?post=36733"}],"version-history":[{"count":2,"href":"https:\/\/www.fazenda.niteroi.rj.gov.br\/site\/wp-json\/wp\/v2\/posts\/36733\/revisions"}],"predecessor-version":[{"id":36736,"href":"https:\/\/www.fazenda.niteroi.rj.gov.br\/site\/wp-json\/wp\/v2\/posts\/36733\/revisions\/36736"}],"wp:attachment":[{"href":"https:\/\/www.fazenda.niteroi.rj.gov.br\/site\/wp-json\/wp\/v2\/media?parent=36733"}],"wp:term":[{"taxonomy":"category","embeddable":true,"href":"https:\/\/www.fazenda.niteroi.rj.gov.br\/site\/wp-json\/wp\/v2\/categories?post=36733"},{"taxonomy":"post_tag","embeddable":true,"href":"https:\/\/www.fazenda.niteroi.rj.gov.br\/site\/wp-json\/wp\/v2\/tags?post=36733"}],"curies":[{"name":"wp","href":"https:\/\/api.w.org\/{rel}","templated":true}]}}