{"id":36737,"date":"2026-08-31T12:26:24","date_gmt":"2026-08-31T15:26:24","guid":{"rendered":"https:\/\/www.fazenda.niteroi.rj.gov.br\/site\/?p=36737"},"modified":"2026-08-31T12:27:08","modified_gmt":"2026-08-31T15:27:08","slug":"acordao-no-3548-2026","status":"publish","type":"post","link":"https:\/\/www.fazenda.niteroi.rj.gov.br\/site\/acordao-no-3548-2026\/","title":{"rendered":"\u201cAc\u00f3rd\u00e3o n\u00ba 3548\/2026\u201d"},"content":{"rendered":"\n<p>Sess\u00e3o 1620\u00aa, realizada em 11\/03\/2026<\/p>\n\n\n\n<p>Processo: 9900005348\/2024<\/p>\n\n\n\n<p>Recorrente: Maria Isabel dos Santos Freitas<\/p>\n\n\n\n<p>Recorrido:&nbsp; Fazenda P\u00fablica Municipal<\/p>\n\n\n\n<p><strong>\u201cEmenta: IPTU. Controv\u00e9rsia entre particulares, visando \u00e0 delimita\u00e7\u00e3o da propriedade das fra\u00e7\u00f5es ideais e \u00e1reas privativas de uso exclusivo de cada propriet\u00e1rio.&nbsp; Incompet\u00eancia absoluta \u2013 Recurso volunt\u00e1rio n\u00e3o conhecido\u201d.<\/strong><\/p>\n\n\n\n<p>Publicado em 21\/02\/2026<\/p>\n\n\n\n<p>Inteiro teor do <a href=\"https:\/\/www.fazenda.niteroi.rj.gov.br\/site\/wp-content\/uploads\/2026\/08\/PROC.-990005348.24-PDF-PUBLICAR-NO-SITE.pdf\">Ac\u00f3rd\u00e3o n\u00b0 3548\/2026<\/a><\/p>\n","protected":false},"excerpt":{"rendered":"<p> IPTU. Controv\u00e9rsia entre particulares, visando \u00e0 delimita\u00e7\u00e3o da propriedade das fra\u00e7\u00f5es ideais e \u00e1reas privativas de uso exclusivo de cada propriet\u00e1rio.\u00a0 Incompet\u00eancia absoluta \u2013 Recurso volunt\u00e1rio n\u00e3o conhecido\u201d.<\/p>\n","protected":false},"author":4,"featured_media":0,"comment_status":"closed","ping_status":"closed","sticky":false,"template":"","format":"standard","meta":{"_et_pb_use_builder":"","_et_pb_old_content":"","_et_gb_content_width":"","_usar_header_alternativo":false,"footnotes":""},"categories":[131,126],"tags":[],"class_list":["post-36737","post","type-post","status-publish","format-standard","hentry","category-acordaos","category-ccn","et-doesnt-have-format-content","et_post_format-et-post-format-standard"],"_links":{"self":[{"href":"https:\/\/www.fazenda.niteroi.rj.gov.br\/site\/wp-json\/wp\/v2\/posts\/36737","targetHints":{"allow":["GET"]}}],"collection":[{"href":"https:\/\/www.fazenda.niteroi.rj.gov.br\/site\/wp-json\/wp\/v2\/posts"}],"about":[{"href":"https:\/\/www.fazenda.niteroi.rj.gov.br\/site\/wp-json\/wp\/v2\/types\/post"}],"author":[{"embeddable":true,"href":"https:\/\/www.fazenda.niteroi.rj.gov.br\/site\/wp-json\/wp\/v2\/users\/4"}],"replies":[{"embeddable":true,"href":"https:\/\/www.fazenda.niteroi.rj.gov.br\/site\/wp-json\/wp\/v2\/comments?post=36737"}],"version-history":[{"count":1,"href":"https:\/\/www.fazenda.niteroi.rj.gov.br\/site\/wp-json\/wp\/v2\/posts\/36737\/revisions"}],"predecessor-version":[{"id":36739,"href":"https:\/\/www.fazenda.niteroi.rj.gov.br\/site\/wp-json\/wp\/v2\/posts\/36737\/revisions\/36739"}],"wp:attachment":[{"href":"https:\/\/www.fazenda.niteroi.rj.gov.br\/site\/wp-json\/wp\/v2\/media?parent=36737"}],"wp:term":[{"taxonomy":"category","embeddable":true,"href":"https:\/\/www.fazenda.niteroi.rj.gov.br\/site\/wp-json\/wp\/v2\/categories?post=36737"},{"taxonomy":"post_tag","embeddable":true,"href":"https:\/\/www.fazenda.niteroi.rj.gov.br\/site\/wp-json\/wp\/v2\/tags?post=36737"}],"curies":[{"name":"wp","href":"https:\/\/api.w.org\/{rel}","templated":true}]}}