{"id":36778,"date":"2026-08-31T14:20:10","date_gmt":"2026-08-31T17:20:10","guid":{"rendered":"https:\/\/www.fazenda.niteroi.rj.gov.br\/site\/?p=36778"},"modified":"2026-08-31T14:49:54","modified_gmt":"2026-08-31T17:49:54","slug":"acordao-no-3559-2026","status":"publish","type":"post","link":"https:\/\/www.fazenda.niteroi.rj.gov.br\/site\/acordao-no-3559-2026\/","title":{"rendered":"\u201cAc\u00f3rd\u00e3o n\u00ba 3559\/2026\u201d"},"content":{"rendered":"\n<p>Sess\u00e3o 1635\u00aa, realizada em 06\/05\/2026<\/p>\n\n\n\n<p>Processo: 030\/015401\/2019<\/p>\n\n\n\n<p>Recorrente: Harper Trading Loca\u00e7\u00e3o de Bens Pr\u00f3prios Ltda<\/p>\n\n\n\n<p>Recorrido:&nbsp; Fazenda P\u00fablica Municipal<\/p>\n\n\n\n<p><strong>\u201cEmenta: <strong>ITBI \u2013 Incid\u00eancia sobre a incid\u00eancia sobre a transmiss\u00e3o dos bens incorporados ao patrim\u00f4nio do sujeito passivo \u2013 Concedida inicialmente a n\u00e3o incid\u00eancia do imposto sob condi\u00e7\u00e3o resolut\u00f3ria \u2013 Verificada a atividade preponderante imobili\u00e1ria do sujeito passivo, restando configurada a incid\u00eancia tribut\u00e1ria com avalia\u00e7\u00e3o do im\u00f3vel para a devida cobran\u00e7a legal \u2013 Recurso volunt\u00e1rio conhecido e desprovido\u201d.<\/strong><\/strong><\/p>\n\n\n\n<p>Publicado em 12\/05\/2026<\/p>\n\n\n\n<p>Inteiro teor do<a href=\"http:\/\/\u201cAc\u00f3rd\u00e3o n\u00ba 3559\/2026\u201d Sess\u00e3o 1635\u00aa, realizada em 06\/05\/2026 Processo: 030\/015401\/2019 Recorrente: Harper Trading Loca\u00e7\u00e3o de Bens Pr\u00f3prios Ltda Recorrido:  Fazenda P\u00fablica Municipal \u201cEmenta: ITBI \u2013 Incid\u00eancia sobre a incid\u00eancia sobre a transmiss\u00e3o dos bens incorporados ao patrim\u00f4nio do sujeito passivo \u2013 Concedida inicialmente a n\u00e3o incid\u00eancia do imposto sob condi\u00e7\u00e3o resolut\u00f3ria \u2013 Verificada a atividade preponderante imobili\u00e1ria do sujeito passivo, restando configurada a incid\u00eancia tribut\u00e1ria com avalia\u00e7\u00e3o do im\u00f3vel para a devida cobran\u00e7a legal \u2013 Recurso volunt\u00e1rio conhecido e desprovido\u201d. Publicado em 12\/05\/2026 Inteiro teor do Ac\u00f3rd\u00e3o 3559\/2026\"> <\/a><a href=\"https:\/\/www.fazenda.niteroi.rj.gov.br\/site\/wp-content\/uploads\/2026\/08\/PROC.-030015401.19-PDF-PUBLICAR-NO-SITE.pdf\">Ac\u00f3rd\u00e3o 3559\/2026<\/a><\/p>\n","protected":false},"excerpt":{"rendered":"<p>ITBI \u2013 Incid\u00eancia sobre a incid\u00eancia sobre a transmiss\u00e3o dos bens incorporados ao patrim\u00f4nio do sujeito passivo \u2013 Concedida inicialmente a n\u00e3o incid\u00eancia do imposto sob condi\u00e7\u00e3o resolut\u00f3ria \u2013 Verificada a atividade preponderante imobili\u00e1ria do sujeito passivo, restando configurada a incid\u00eancia tribut\u00e1ria com avalia\u00e7\u00e3o do im\u00f3vel para a devida cobran\u00e7a legal \u2013 Recurso volunt\u00e1rio conhecido e desprovido\u201d.<\/p>\n","protected":false},"author":4,"featured_media":0,"comment_status":"closed","ping_status":"closed","sticky":false,"template":"","format":"standard","meta":{"_et_pb_use_builder":"","_et_pb_old_content":"","_et_gb_content_width":"","_usar_header_alternativo":false,"footnotes":""},"categories":[131,126],"tags":[],"class_list":["post-36778","post","type-post","status-publish","format-standard","hentry","category-acordaos","category-ccn","et-doesnt-have-format-content","et_post_format-et-post-format-standard"],"_links":{"self":[{"href":"https:\/\/www.fazenda.niteroi.rj.gov.br\/site\/wp-json\/wp\/v2\/posts\/36778","targetHints":{"allow":["GET"]}}],"collection":[{"href":"https:\/\/www.fazenda.niteroi.rj.gov.br\/site\/wp-json\/wp\/v2\/posts"}],"about":[{"href":"https:\/\/www.fazenda.niteroi.rj.gov.br\/site\/wp-json\/wp\/v2\/types\/post"}],"author":[{"embeddable":true,"href":"https:\/\/www.fazenda.niteroi.rj.gov.br\/site\/wp-json\/wp\/v2\/users\/4"}],"replies":[{"embeddable":true,"href":"https:\/\/www.fazenda.niteroi.rj.gov.br\/site\/wp-json\/wp\/v2\/comments?post=36778"}],"version-history":[{"count":4,"href":"https:\/\/www.fazenda.niteroi.rj.gov.br\/site\/wp-json\/wp\/v2\/posts\/36778\/revisions"}],"predecessor-version":[{"id":36811,"href":"https:\/\/www.fazenda.niteroi.rj.gov.br\/site\/wp-json\/wp\/v2\/posts\/36778\/revisions\/36811"}],"wp:attachment":[{"href":"https:\/\/www.fazenda.niteroi.rj.gov.br\/site\/wp-json\/wp\/v2\/media?parent=36778"}],"wp:term":[{"taxonomy":"category","embeddable":true,"href":"https:\/\/www.fazenda.niteroi.rj.gov.br\/site\/wp-json\/wp\/v2\/categories?post=36778"},{"taxonomy":"post_tag","embeddable":true,"href":"https:\/\/www.fazenda.niteroi.rj.gov.br\/site\/wp-json\/wp\/v2\/tags?post=36778"}],"curies":[{"name":"wp","href":"https:\/\/api.w.org\/{rel}","templated":true}]}}