{"id":36839,"date":"2026-08-31T17:00:41","date_gmt":"2026-08-31T20:00:41","guid":{"rendered":"https:\/\/www.fazenda.niteroi.rj.gov.br\/site\/?p=36839"},"modified":"2026-08-31T17:21:10","modified_gmt":"2026-08-31T20:21:10","slug":"acordao-no-3566-2026","status":"publish","type":"post","link":"https:\/\/www.fazenda.niteroi.rj.gov.br\/site\/acordao-no-3566-2026\/","title":{"rendered":"\u201cAc\u00f3rd\u00e3o n\u00ba 3566\/2026\u201d"},"content":{"rendered":"\n<p>Sess\u00e3o 1643\u00aa, realizada em 10\/06\/2026<\/p>\n\n\n\n<p>Processo: 030\/000986\/2020<\/p>\n\n\n\n<p>Recorrente\/recorrido: Zen Niter\u00f3i Participa\u00e7\u00f5es Ltda<\/p>\n\n\n\n<p>Recorrido\/Recorrente:&nbsp; Fazenda P\u00fablica Municipal<\/p>\n\n\n\n<p><strong>\u201cEmenta: IPTU. Recursos volunt\u00e1rio e de of\u00edcio. Impugna\u00e7\u00e3o ao lan\u00e7amento complementar 1. A exist\u00eancia ou propositura pelo sujeito passivo de a\u00e7\u00e3o judicial com o mesmo objeto do lan\u00e7amento importa em ren\u00fancia ou desist\u00eancia ao lit\u00edgio nas inst\u00e2ncias administrativas 2. Cr\u00e9ditos tribut\u00e1rios que foram objeto de a\u00e7\u00e3o anulat\u00f3ria em curso perante o Tribunal de Justi\u00e7a do Estado do Rio de Janeiro. 3. Sobreposi\u00e7\u00e3o das jurisdi\u00e7\u00f5es administrativa e judicial que atrai o art. 92 da Lei Municipal n\u00ba 3.368\/18. Recursos n\u00e3o conhecidos com a extin\u00e7\u00e3o do processo sem resolu\u00e7\u00e3o do m\u00e9rito\u201d.<\/strong><\/p>\n\n\n\n<p>Publicado em 17\/06\/2026<\/p>\n\n\n\n<p>Inteiro teor do<a href=\"https:\/\/www.fazenda.niteroi.rj.gov.br\/site\/wp-content\/uploads\/2026\/08\/PROC.-030.000986.2020-PDF-PUBLICAR-NO-SITE-1.pdf\"> Ac\u00f3rd\u00e3o n\u00ba 3566\/2026<\/a><\/p>\n","protected":false},"excerpt":{"rendered":"<p>IPTU. Recursos volunt\u00e1rio e de of\u00edcio. Impugna\u00e7\u00e3o ao lan\u00e7amento complementar 1. A exist\u00eancia ou propositura pelo sujeito passivo de a\u00e7\u00e3o judicial com o mesmo objeto do lan\u00e7amento importa em ren\u00fancia ou desist\u00eancia ao lit\u00edgio nas inst\u00e2ncias administrativas 2. Cr\u00e9ditos tribut\u00e1rios que foram objeto de a\u00e7\u00e3o anulat\u00f3ria em curso perante o Tribunal de Justi\u00e7a do Estado do Rio de Janeiro. 3. Sobreposi\u00e7\u00e3o das jurisdi\u00e7\u00f5es administrativa e judicial que atrai o art. 92 da Lei Municipal n\u00ba 3.368\/18. Recursos n\u00e3o conhecidos com a extin\u00e7\u00e3o do processo sem resolu\u00e7\u00e3o do m\u00e9rito\u201d.<\/p>\n","protected":false},"author":4,"featured_media":0,"comment_status":"closed","ping_status":"closed","sticky":false,"template":"","format":"standard","meta":{"_et_pb_use_builder":"","_et_pb_old_content":"","_et_gb_content_width":"","_usar_header_alternativo":false,"footnotes":""},"categories":[131,126],"tags":[],"class_list":["post-36839","post","type-post","status-publish","format-standard","hentry","category-acordaos","category-ccn","et-doesnt-have-format-content","et_post_format-et-post-format-standard"],"_links":{"self":[{"href":"https:\/\/www.fazenda.niteroi.rj.gov.br\/site\/wp-json\/wp\/v2\/posts\/36839","targetHints":{"allow":["GET"]}}],"collection":[{"href":"https:\/\/www.fazenda.niteroi.rj.gov.br\/site\/wp-json\/wp\/v2\/posts"}],"about":[{"href":"https:\/\/www.fazenda.niteroi.rj.gov.br\/site\/wp-json\/wp\/v2\/types\/post"}],"author":[{"embeddable":true,"href":"https:\/\/www.fazenda.niteroi.rj.gov.br\/site\/wp-json\/wp\/v2\/users\/4"}],"replies":[{"embeddable":true,"href":"https:\/\/www.fazenda.niteroi.rj.gov.br\/site\/wp-json\/wp\/v2\/comments?post=36839"}],"version-history":[{"count":2,"href":"https:\/\/www.fazenda.niteroi.rj.gov.br\/site\/wp-json\/wp\/v2\/posts\/36839\/revisions"}],"predecessor-version":[{"id":36847,"href":"https:\/\/www.fazenda.niteroi.rj.gov.br\/site\/wp-json\/wp\/v2\/posts\/36839\/revisions\/36847"}],"wp:attachment":[{"href":"https:\/\/www.fazenda.niteroi.rj.gov.br\/site\/wp-json\/wp\/v2\/media?parent=36839"}],"wp:term":[{"taxonomy":"category","embeddable":true,"href":"https:\/\/www.fazenda.niteroi.rj.gov.br\/site\/wp-json\/wp\/v2\/categories?post=36839"},{"taxonomy":"post_tag","embeddable":true,"href":"https:\/\/www.fazenda.niteroi.rj.gov.br\/site\/wp-json\/wp\/v2\/tags?post=36839"}],"curies":[{"name":"wp","href":"https:\/\/api.w.org\/{rel}","templated":true}]}}