{"id":36861,"date":"2026-09-01T12:04:32","date_gmt":"2026-09-01T15:04:32","guid":{"rendered":"https:\/\/www.fazenda.niteroi.rj.gov.br\/site\/?p=36861"},"modified":"2026-09-01T12:05:24","modified_gmt":"2026-09-01T15:05:24","slug":"acordao-no-3569-2026","status":"publish","type":"post","link":"https:\/\/www.fazenda.niteroi.rj.gov.br\/site\/acordao-no-3569-2026\/","title":{"rendered":"\u201cAc\u00f3rd\u00e3o n\u00ba 3569\/2026\u201d"},"content":{"rendered":"\n<p>Sess\u00e3o 1643\u00aa, realizada em 10\/06\/2026<\/p>\n\n\n\n<p>Processo: 9900198494\/2025<\/p>\n\n\n\n<p>Recorrente: &nbsp;Marcelo Cruz Evangelista &nbsp;<\/p>\n\n\n\n<p>Recorrido:&nbsp; Fazenda P\u00fablica Municipal<\/p>\n\n\n\n<p><strong>\u201cEmenta: Recurso volunt\u00e1rio. IPTU. Impugna\u00e7\u00e3o \u00e0s altera\u00e7\u00f5es cadastrais promovidas de of\u00edcio que resultaram em lan\u00e7amento complementar. Intempestividade. No contexto do contencioso administrativo tribut\u00e1rio, n\u00e3o \u00e9 poss\u00edvel a aprecia\u00e7\u00e3o da revis\u00e3o de dados cadastrais pela administra\u00e7\u00e3o tribut\u00e1ria de forma aut\u00f4noma, tendo em vista a regra que determina que as impugna\u00e7\u00f5es \u00e0s altera\u00e7\u00f5es cadastrais provocadas pela revis\u00e3o cadastral de of\u00edcio que resultam em aumento de tributa\u00e7\u00e3o devem obedecer \u00e0s regras de compet\u00eancia, aos prazos e aos ritos da impugna\u00e7\u00e3o de lan\u00e7amento, inclusive no que se refere \u00e0 preclus\u00e3o temporal. Art. 139, I e \u00a75\u00ba, da Lei n\u00ba 3.368\/2018; S\u00famula Administrativa n\u00ba 01 do Conselho de Contribuintes. Recurso volunt\u00e1rio conhecido e n\u00e3o provido\u201d.<\/strong><\/p>\n\n\n\n<p>Publicado em 17\/06\/2026<\/p>\n\n\n\n<p>Inteiro teor do <a href=\"https:\/\/www.fazenda.niteroi.rj.gov.br\/site\/wp-content\/uploads\/2026\/09\/PROC.-9900198494.25-PDF-PUBLICACAO-NO-SITE.pdf\">Ac\u00f3rd\u00e3o 3569\/206<\/a><\/p>\n","protected":false},"excerpt":{"rendered":"<p>Recurso volunt\u00e1rio. IPTU. Impugna\u00e7\u00e3o \u00e0s altera\u00e7\u00f5es cadastrais promovidas de of\u00edcio que resultaram em lan\u00e7amento complementar. Intempestividade. No contexto do contencioso administrativo tribut\u00e1rio, n\u00e3o \u00e9 poss\u00edvel a aprecia\u00e7\u00e3o da revis\u00e3o de dados cadastrais pela administra\u00e7\u00e3o tribut\u00e1ria de forma aut\u00f4noma, tendo em vista a regra que determina que as impugna\u00e7\u00f5es \u00e0s altera\u00e7\u00f5es cadastrais provocadas pela revis\u00e3o cadastral de of\u00edcio que resultam em aumento de tributa\u00e7\u00e3o devem obedecer \u00e0s regras de compet\u00eancia, aos prazos e aos ritos da impugna\u00e7\u00e3o de lan\u00e7amento, inclusive no que se refere \u00e0 preclus\u00e3o temporal. Art. 139, I e \u00a75\u00ba, da Lei n\u00ba 3.368\/2018; S\u00famula Administrativa n\u00ba 01 do Conselho de Contribuintes. Recurso volunt\u00e1rio conhecido e n\u00e3o provido\u201d.<\/p>\n","protected":false},"author":4,"featured_media":0,"comment_status":"closed","ping_status":"closed","sticky":false,"template":"","format":"standard","meta":{"_et_pb_use_builder":"","_et_pb_old_content":"","_et_gb_content_width":"","_usar_header_alternativo":false,"footnotes":""},"categories":[131,126],"tags":[],"class_list":["post-36861","post","type-post","status-publish","format-standard","hentry","category-acordaos","category-ccn","et-doesnt-have-format-content","et_post_format-et-post-format-standard"],"_links":{"self":[{"href":"https:\/\/www.fazenda.niteroi.rj.gov.br\/site\/wp-json\/wp\/v2\/posts\/36861","targetHints":{"allow":["GET"]}}],"collection":[{"href":"https:\/\/www.fazenda.niteroi.rj.gov.br\/site\/wp-json\/wp\/v2\/posts"}],"about":[{"href":"https:\/\/www.fazenda.niteroi.rj.gov.br\/site\/wp-json\/wp\/v2\/types\/post"}],"author":[{"embeddable":true,"href":"https:\/\/www.fazenda.niteroi.rj.gov.br\/site\/wp-json\/wp\/v2\/users\/4"}],"replies":[{"embeddable":true,"href":"https:\/\/www.fazenda.niteroi.rj.gov.br\/site\/wp-json\/wp\/v2\/comments?post=36861"}],"version-history":[{"count":1,"href":"https:\/\/www.fazenda.niteroi.rj.gov.br\/site\/wp-json\/wp\/v2\/posts\/36861\/revisions"}],"predecessor-version":[{"id":36863,"href":"https:\/\/www.fazenda.niteroi.rj.gov.br\/site\/wp-json\/wp\/v2\/posts\/36861\/revisions\/36863"}],"wp:attachment":[{"href":"https:\/\/www.fazenda.niteroi.rj.gov.br\/site\/wp-json\/wp\/v2\/media?parent=36861"}],"wp:term":[{"taxonomy":"category","embeddable":true,"href":"https:\/\/www.fazenda.niteroi.rj.gov.br\/site\/wp-json\/wp\/v2\/categories?post=36861"},{"taxonomy":"post_tag","embeddable":true,"href":"https:\/\/www.fazenda.niteroi.rj.gov.br\/site\/wp-json\/wp\/v2\/tags?post=36861"}],"curies":[{"name":"wp","href":"https:\/\/api.w.org\/{rel}","templated":true}]}}