{"id":36888,"date":"2026-09-02T18:00:00","date_gmt":"2026-09-02T21:00:00","guid":{"rendered":"https:\/\/www.fazenda.niteroi.rj.gov.br\/site\/?p=36888"},"modified":"2026-09-02T16:57:13","modified_gmt":"2026-09-02T19:57:13","slug":"secretario-de-fazenda-fala-sobre-reforma-tributaria-na-fiocruz","status":"publish","type":"post","link":"https:\/\/www.fazenda.niteroi.rj.gov.br\/site\/secretario-de-fazenda-fala-sobre-reforma-tributaria-na-fiocruz\/","title":{"rendered":"Secretario de Fazenda fala sobre Reforma Tribut\u00e1ria na FioCruz"},"content":{"rendered":"\n<p>Nesta quarta-feira (2), o secret\u00e1rio municipal de Fazenda participou da Semana Gest\u00e3o &amp; Movimento Cogead, realizada na Fiocruz, compartilhando conhecimentos e reflex\u00f5es sobre um dos temas mais importantes para o futuro da gest\u00e3o p\u00fablica brasileira.<\/p>\n\n\n\n<p>Durante o evento, o secret\u00e1rio ministrou a palestra \u201cPanorama Geral da Reforma Tribut\u00e1ria com foco nas Institui\u00e7\u00f5es P\u00fablicas\u201d, abordando os impactos das mudan\u00e7as no sistema tribut\u00e1rio e os desafios e oportunidades que se apresentam para as institui\u00e7\u00f5es p\u00fablicas.<\/p>\n\n\n\n<p>A Secretaria Municipal de Fazenda segue participando ativamente dos debates sobre o futuro da gest\u00e3o tribut\u00e1ria e contribuindo para a constru\u00e7\u00e3o de um servi\u00e7o p\u00fablico cada vez mais preparado para os novos desafios.<\/p>\n","protected":false},"excerpt":{"rendered":"<p>Nesta quarta-feira (2), o secret\u00e1rio municipal de Fazenda participou da Semana Gest\u00e3o &amp; Movimento Cogead, realizada na Fiocruz, compartilhando conhecimentos e reflex\u00f5es sobre um dos temas mais importantes para o [&hellip;]<\/p>\n","protected":false},"author":49,"featured_media":36889,"comment_status":"closed","ping_status":"closed","sticky":false,"template":"","format":"standard","meta":{"_et_pb_use_builder":"","_et_pb_old_content":"","_et_gb_content_width":"","_usar_header_alternativo":false,"footnotes":""},"categories":[10],"tags":[],"class_list":["post-36888","post","type-post","status-publish","format-standard","has-post-thumbnail","hentry","category-noticias","et-has-post-format-content","et_post_format-et-post-format-standard"],"_links":{"self":[{"href":"https:\/\/www.fazenda.niteroi.rj.gov.br\/site\/wp-json\/wp\/v2\/posts\/36888","targetHints":{"allow":["GET"]}}],"collection":[{"href":"https:\/\/www.fazenda.niteroi.rj.gov.br\/site\/wp-json\/wp\/v2\/posts"}],"about":[{"href":"https:\/\/www.fazenda.niteroi.rj.gov.br\/site\/wp-json\/wp\/v2\/types\/post"}],"author":[{"embeddable":true,"href":"https:\/\/www.fazenda.niteroi.rj.gov.br\/site\/wp-json\/wp\/v2\/users\/49"}],"replies":[{"embeddable":true,"href":"https:\/\/www.fazenda.niteroi.rj.gov.br\/site\/wp-json\/wp\/v2\/comments?post=36888"}],"version-history":[{"count":1,"href":"https:\/\/www.fazenda.niteroi.rj.gov.br\/site\/wp-json\/wp\/v2\/posts\/36888\/revisions"}],"predecessor-version":[{"id":36890,"href":"https:\/\/www.fazenda.niteroi.rj.gov.br\/site\/wp-json\/wp\/v2\/posts\/36888\/revisions\/36890"}],"wp:featuredmedia":[{"embeddable":true,"href":"https:\/\/www.fazenda.niteroi.rj.gov.br\/site\/wp-json\/wp\/v2\/media\/36889"}],"wp:attachment":[{"href":"https:\/\/www.fazenda.niteroi.rj.gov.br\/site\/wp-json\/wp\/v2\/media?parent=36888"}],"wp:term":[{"taxonomy":"category","embeddable":true,"href":"https:\/\/www.fazenda.niteroi.rj.gov.br\/site\/wp-json\/wp\/v2\/categories?post=36888"},{"taxonomy":"post_tag","embeddable":true,"href":"https:\/\/www.fazenda.niteroi.rj.gov.br\/site\/wp-json\/wp\/v2\/tags?post=36888"}],"curies":[{"name":"wp","href":"https:\/\/api.w.org\/{rel}","templated":true}]}}