{"id":36927,"date":"2026-09-04T15:55:42","date_gmt":"2026-09-04T18:55:42","guid":{"rendered":"https:\/\/www.fazenda.niteroi.rj.gov.br\/site\/?p=36927"},"modified":"2026-09-04T15:56:56","modified_gmt":"2026-09-04T18:56:56","slug":"prefeitura-municipal-de-niteroi-192","status":"publish","type":"post","link":"https:\/\/www.fazenda.niteroi.rj.gov.br\/site\/prefeitura-municipal-de-niteroi-192\/","title":{"rendered":"PREFEITURA MUNICIPAL DE NITER\u00d3I"},"content":{"rendered":"\n<p><strong><u>CONSELHO DE CONTRIBUINTES DO MUNIC\u00cdPIO DE NITER\u00d3I \u2013 CC<\/u><\/strong><\/p>\n\n\n\n<p><strong>REUNI\u00c3O PARA JULGAMENTO DE RECURSOS, A SER REALIZADA NO <u>DIA 09 DE SETEMBRO DE 2026<\/u>, COM IN\u00cdCIO LOGO AP\u00d3S A SESS\u00c3O 1669, EM SESS\u00c3O VIRTUAL, ABERTA AO P\u00daBLICO. <u>Os interessados poder\u00e3o entrar em contato com<\/u> <\/strong><a href=\"mailto:conselhodecontribuintes@fazenda.niteroi.rj.gov.br\"><strong>conselhodecontribuintes@fazenda.niteroi.rj.gov.br<\/strong><\/a><strong><\/strong><\/p>\n\n\n\n<p><strong><u>Pauta de julgamento<\/u><\/strong><\/p>\n\n\n\n<p><strong>(Art. 15, \u00a7 3\u00ba, da Lei n\u00ba 2.228\/2005 e Art. 76 do Decreto n\u00ba 9.735\/2005 e Art. 4\u00ba da Resolu\u00e7\u00e3o n\u00ba 01\/2020 do Conselho de Contribuintes do Munic\u00edpio de Niter\u00f3i)<\/strong><\/p>\n\n\n\n<p><strong><u>1670\u00aa Sess\u00e3o Ordin\u00e1ria:&nbsp;&nbsp;<\/u><\/strong><\/p>\n\n\n\n<p><strong>PROCESSO: 99001334032\/2025<\/strong><\/p>\n\n\n\n<p><strong>RECORRENTE: TGRJ-9 EMPREENDIMENTOS IMOBILI\u00c1RIOS LTDA<\/strong><\/p>\n\n\n\n<p><strong>RECORRIDO: FAZENDA P\u00daBLICA MUNICIPAL<\/strong><\/p>\n\n\n\n<p><strong>REP. DA FAZENDA: MARIA ELISA VIDAL BERNARDO<\/strong><\/p>\n\n\n\n<p><strong>RELATOR: CARLOS MAURO NAYLOR<\/strong><\/p>\n\n\n\n<p><strong>REVISOR: EDUARDO SOBRAL TAVARES<\/strong><\/p>\n\n\n\n<p>_______________________________________________________________________________________<\/p>\n\n\n\n<p><strong>PROCESSO: 030\/013384\/2022<\/strong><\/p>\n\n\n\n<p><strong>RECORRENTE: FAZENDA P\u00daBLICA MUNICIPAL<\/strong><\/p>\n\n\n\n<p><strong>RECORRIDO: CRISTINA DIAS ESTEVAM LEAL<\/strong><\/p>\n\n\n\n<p><strong>REP. DA FAZENDA: RAFAEL HENZE PIMENTEL &nbsp;<\/strong><\/p>\n\n\n\n<p><strong>RELATOR: &nbsp;ERMANO TORRES SANTIAGO<\/strong><\/p>\n\n\n\n<p>________________________________________________________________________________________<\/p>\n\n\n\n<p>CC, em 03 de setembro de 2026<\/p>\n","protected":false},"excerpt":{"rendered":"<p>CONSELHO DE CONTRIBUINTES DO MUNIC\u00cdPIO DE NITER\u00d3I \u2013 CC REUNI\u00c3O PARA JULGAMENTO DE RECURSOS, A SER REALIZADA NO DIA 09 DE SETEMBRO DE 2026, COM IN\u00cdCIO LOGO AP\u00d3S A SESS\u00c3O [&hellip;]<\/p>\n","protected":false},"author":4,"featured_media":0,"comment_status":"closed","ping_status":"closed","sticky":false,"template":"","format":"standard","meta":{"_et_pb_use_builder":"","_et_pb_old_content":"","_et_gb_content_width":"","_usar_header_alternativo":false,"footnotes":""},"categories":[126,132],"tags":[],"class_list":["post-36927","post","type-post","status-publish","format-standard","hentry","category-ccn","category-pautas","et-doesnt-have-format-content","et_post_format-et-post-format-standard"],"_links":{"self":[{"href":"https:\/\/www.fazenda.niteroi.rj.gov.br\/site\/wp-json\/wp\/v2\/posts\/36927","targetHints":{"allow":["GET"]}}],"collection":[{"href":"https:\/\/www.fazenda.niteroi.rj.gov.br\/site\/wp-json\/wp\/v2\/posts"}],"about":[{"href":"https:\/\/www.fazenda.niteroi.rj.gov.br\/site\/wp-json\/wp\/v2\/types\/post"}],"author":[{"embeddable":true,"href":"https:\/\/www.fazenda.niteroi.rj.gov.br\/site\/wp-json\/wp\/v2\/users\/4"}],"replies":[{"embeddable":true,"href":"https:\/\/www.fazenda.niteroi.rj.gov.br\/site\/wp-json\/wp\/v2\/comments?post=36927"}],"version-history":[{"count":1,"href":"https:\/\/www.fazenda.niteroi.rj.gov.br\/site\/wp-json\/wp\/v2\/posts\/36927\/revisions"}],"predecessor-version":[{"id":36928,"href":"https:\/\/www.fazenda.niteroi.rj.gov.br\/site\/wp-json\/wp\/v2\/posts\/36927\/revisions\/36928"}],"wp:attachment":[{"href":"https:\/\/www.fazenda.niteroi.rj.gov.br\/site\/wp-json\/wp\/v2\/media?parent=36927"}],"wp:term":[{"taxonomy":"category","embeddable":true,"href":"https:\/\/www.fazenda.niteroi.rj.gov.br\/site\/wp-json\/wp\/v2\/categories?post=36927"},{"taxonomy":"post_tag","embeddable":true,"href":"https:\/\/www.fazenda.niteroi.rj.gov.br\/site\/wp-json\/wp\/v2\/tags?post=36927"}],"curies":[{"name":"wp","href":"https:\/\/api.w.org\/{rel}","templated":true}]}}