{"id":3904,"date":"2015-10-20T13:33:22","date_gmt":"2015-10-20T15:33:22","guid":{"rendered":"http:\/\/fazenda.niteroi.rj.gov.br\/site\/?p=3904"},"modified":"2017-02-06T13:41:50","modified_gmt":"2017-02-06T15:41:50","slug":"acordao-1-7452015","status":"publish","type":"post","link":"https:\/\/www.fazenda.niteroi.rj.gov.br\/site\/acordao-1-7452015\/","title":{"rendered":"Ac\u00f3rd\u00e3o 1.745\/2015"},"content":{"rendered":"<ul>\n<li>835\u00ba Sess\u00e3o Ordin\u00e1ria, de 20\/10\/2015<\/li>\n<li>Processos: 030\/060148\/2011<\/li>\n<li>Recorrente:\u00a0Barcas S\/A Transportes Mar\u00edtimos<\/li>\n<li>Ementa: \u201d\u00a0Auto de Infra\u00e7\u00e3o lavrado com o objetivo de lan\u00e7ar ISS sobre opera\u00e7\u00f5es realizadas por terceiros identificados, atribuindo-se responsabilidade tribut\u00e1ria ao tomador com base no disposto pelo art. 73,inciso V, \u00a7 4\u00ba, da lei n\u00ba2597\/08,relativamente servi\u00e7os identificados e contratados por concession\u00e1ria de servi\u00e7os p\u00fablicos. Nulidade do Auto de Infra\u00e7\u00e3o por decad\u00eancia. Recurso Procedente. Cancelamento do Auto de Infra\u00e7\u00e3o.&#8221;<\/li>\n<li>Inteiro Teor:\u00a0<a href=\"http:\/\/fazenda.niteroi.rj.gov.br\/site\/wp-content\/uploads\/2017\/02\/Acordao-1.745-15.pdf\">Ac\u00f3rd\u00e3o 1.745\/2015<\/a><\/li>\n<\/ul>\n<ul>\n<li><strong>Enviado\u00a0 ao Prefeito para homologa\u00e7\u00e3o em: 20\/10\/2015.<\/strong><\/li>\n<\/ul>\n<p>De acordo com\u00a0 o que preceitua o Art.40 e Art. 63\u00a0 do Decreto 10487\/09, que estabelece as decis\u00f5es do Conselho ser\u00e3o submetidas a ato homologat\u00f3rio do Prefeito Municipal, precedido de manifesta\u00e7\u00e3o do Secret\u00e1rio de Fazenda.<\/p>\n<ul>\n<li><strong>Data da Homologa\u00e7\u00e3o:15\/01\/2016.<\/strong><\/li>\n<\/ul>\n<p>Conforme o arquivo que est\u00e1 no link a seguir :\u00a0<a href=\"http:\/\/fazenda.niteroi.rj.gov.br\/site\/wp-content\/uploads\/2017\/02\/Homologacao-1.745-15.pdf\">Homologa\u00e7\u00e3o do Secret\u00e1rio Municipal de Fazenda<\/a><\/p>\n<ul>\n<li><strong>Publicado em Di\u00e1rio Oficial de 23\/01\/2016.<\/strong><\/li>\n<\/ul>\n","protected":false},"excerpt":{"rendered":"<p>Ementa: \u201d Auto de Infra\u00e7\u00e3o lavrado com o objetivo de lan\u00e7ar ISS sobre opera\u00e7\u00f5es realizadas por terceiros identificados, atribuindo-se responsabilidade tribut\u00e1ria ao tomador com base no disposto pelo art. 73,inciso V, \u00a7 4\u00ba, da lei n\u00ba2597\/08,relativamente servi\u00e7os identificados e contratados por concession\u00e1ria de servi\u00e7os p\u00fablicos. Nulidade do Auto de Infra\u00e7\u00e3o por decad\u00eancia. Recurso Procedente. Cancelamento do Auto de Infra\u00e7\u00e3o.&#8221;<\/p>\n","protected":false},"author":4,"featured_media":1623,"comment_status":"closed","ping_status":"closed","sticky":false,"template":"","format":"standard","meta":{"_et_pb_use_builder":"","_et_pb_old_content":"","_et_gb_content_width":"","_usar_header_alternativo":false,"footnotes":""},"categories":[131],"tags":[],"class_list":["post-3904","post","type-post","status-publish","format-standard","has-post-thumbnail","hentry","category-acordaos","et-has-post-format-content","et_post_format-et-post-format-standard"],"_links":{"self":[{"href":"https:\/\/www.fazenda.niteroi.rj.gov.br\/site\/wp-json\/wp\/v2\/posts\/3904","targetHints":{"allow":["GET"]}}],"collection":[{"href":"https:\/\/www.fazenda.niteroi.rj.gov.br\/site\/wp-json\/wp\/v2\/posts"}],"about":[{"href":"https:\/\/www.fazenda.niteroi.rj.gov.br\/site\/wp-json\/wp\/v2\/types\/post"}],"author":[{"embeddable":true,"href":"https:\/\/www.fazenda.niteroi.rj.gov.br\/site\/wp-json\/wp\/v2\/users\/4"}],"replies":[{"embeddable":true,"href":"https:\/\/www.fazenda.niteroi.rj.gov.br\/site\/wp-json\/wp\/v2\/comments?post=3904"}],"version-history":[{"count":0,"href":"https:\/\/www.fazenda.niteroi.rj.gov.br\/site\/wp-json\/wp\/v2\/posts\/3904\/revisions"}],"wp:featuredmedia":[{"embeddable":true,"href":"https:\/\/www.fazenda.niteroi.rj.gov.br\/site\/wp-json\/wp\/v2\/media\/1623"}],"wp:attachment":[{"href":"https:\/\/www.fazenda.niteroi.rj.gov.br\/site\/wp-json\/wp\/v2\/media?parent=3904"}],"wp:term":[{"taxonomy":"category","embeddable":true,"href":"https:\/\/www.fazenda.niteroi.rj.gov.br\/site\/wp-json\/wp\/v2\/categories?post=3904"},{"taxonomy":"post_tag","embeddable":true,"href":"https:\/\/www.fazenda.niteroi.rj.gov.br\/site\/wp-json\/wp\/v2\/tags?post=3904"}],"curies":[{"name":"wp","href":"https:\/\/api.w.org\/{rel}","templated":true}]}}