{"id":4051,"date":"2017-03-09T10:05:46","date_gmt":"2017-03-09T13:05:46","guid":{"rendered":"http:\/\/fazenda.niteroi.rj.gov.br\/site\/?p=4051"},"modified":"2017-03-20T11:47:33","modified_gmt":"2017-03-20T14:47:33","slug":"novo-sistema-de-nota-fiscal-eletronica-de-niteroi-mais-pratico-e-agil","status":"publish","type":"post","link":"https:\/\/www.fazenda.niteroi.rj.gov.br\/site\/novo-sistema-de-nota-fiscal-eletronica-de-niteroi-mais-pratico-e-agil\/","title":{"rendered":"Lan\u00e7amento do novo sistema de Nota Fiscal Eletr\u00f4nica de Niter\u00f3i: mais pr\u00e1tico e \u00e1gil"},"content":{"rendered":"<p>Para facilitar a adapta\u00e7\u00e3o \u00e0 nova vers\u00e3o do sistema de Nota Fiscal, a Secretaria da Fazenda promoveu no dia 17 de mar\u00e7o, na C\u00e2mara de Dirigentes Lojistas de Niter\u00f3i (R. Gen. Andrade Neves, 31 \u2013 Centro), encontro para contadores.<\/p>\n<p>O evento foi realizado por instrutores do Instituto Brasileiro de Administra\u00e7\u00e3o Municipal (IBAM) e teve a participa\u00e7\u00e3o da\u00a0Presidente do Conselho Regional de Contabilidade Vit\u00f3ria Maria da Silva, do\u00a0Presidente do Sindicato dos Contabilistas de Niter\u00f3i Magno Pacheco de Andrade, do\u00a0Vice-Presidente do Sindicato das Empresas de Servi\u00e7os Cont\u00e1beis do Rio de Janeiro Renato Mansur, do Diretor de Opera\u00e7\u00f5es do WebISS Henrique Pereira, do\u00a0Secret\u00e1rio da Fazenda de Niter\u00f3i Cesar Augusto Barbiero, e do Fiscal de Tributos da Secretaria da Fazenda Ary Brafman.<\/p>\n<p>&nbsp;<\/p>\n<h3>O novo sistema<\/h3>\n<p>A nova vers\u00e3o, que come\u00e7a a operar no dia 3 de abril, promete minimizar as taxas de erros, al\u00e9m de trazer uma navega\u00e7\u00e3o mais amig\u00e1vel, \u00e1gil e simples aos usu\u00e1rios.<\/p>\n<p>As principais melhorias do novo sistema s\u00e3o:<\/p>\n<p>\u2022 Agilidade na emiss\u00e3o da nota fiscal, pois ser\u00e1 poss\u00edvel o carregamento de informa\u00e7\u00f5es de notas anteriores atrav\u00e9s da numera\u00e7\u00e3o, assim como pelo nome do tomador de servi\u00e7os;<br \/>\n\u2022 Permite o envio da nota fiscal para um ou mais e-mails com coment\u00e1rios adicionais;<br \/>\n\u2022 Permite gerar e exportar relat\u00f3rios do sistema nos formatos pdf ou Excel de informa\u00e7\u00f5es previamente selecionadas;<br \/>\n\u2022 O Tomador de Servi\u00e7os poder\u00e1 visualizar a(s) nota(s) para reimpress\u00e3o al\u00e9m de permitir o download do XML individualmente ou em lote;<br \/>\n\u2022 Disponibilizar\u00e1 v\u00e1rios filtros para pesquisa de NFS-e emitidas e\/ou tomadas;<br \/>\n\u2022 Permite gera\u00e7\u00e3o de Livro Eletr\u00f4nico das informa\u00e7\u00f5es pertinentes ao ISSQN e tamb\u00e9m a sumariza\u00e7\u00e3o das reten\u00e7\u00f5es federais destacadas na nota fiscal.<\/p>\n<p>O objetivo da nova ferramenta \u00e9 facilitar o relacionamento entre o contribuinte e o munic\u00edpio de Niter\u00f3i na troca de informa\u00e7\u00f5es e cruzamento de dados. Sua implementa\u00e7\u00e3o faz parte de uma s\u00e9rie de a\u00e7\u00f5es para envolver os cidad\u00e3os niteroienses nos processos de controle e gest\u00e3o da cidade.<\/p>\n<p><a href=\"http:\/\/fazenda.niteroi.rj.gov.br\/site\/wp-content\/uploads\/2017\/03\/BEA4024-1.jpg\"><br \/>\n<\/a><\/p>\n<div id=\"attachment_4135\" style=\"width: 410px\" class=\"wp-caption aligncenter\"><a href=\"http:\/\/fazenda.niteroi.rj.gov.br\/site\/wp-content\/uploads\/2017\/03\/01-Vitoria-Maria-Presidente-do-CRC-Bruno-Eduardo-Alves.jpg\"><img loading=\"lazy\" decoding=\"async\" aria-describedby=\"caption-attachment-4135\" class=\"size-medium wp-image-4135\" src=\"http:\/\/fazenda.niteroi.rj.gov.br\/site\/wp-content\/uploads\/2017\/03\/01-Vitoria-Maria-Presidente-do-CRC-Bruno-Eduardo-Alves-400x267.jpg\" alt=\"Presidente do CRC, Vit\u00f3ria Maria (Foto: Bruno Eduardo Alves)\" width=\"400\" height=\"267\" srcset=\"https:\/\/www.fazenda.niteroi.rj.gov.br\/site\/wp-content\/uploads\/2017\/03\/01-Vitoria-Maria-Presidente-do-CRC-Bruno-Eduardo-Alves-400x267.jpg 400w, https:\/\/www.fazenda.niteroi.rj.gov.br\/site\/wp-content\/uploads\/2017\/03\/01-Vitoria-Maria-Presidente-do-CRC-Bruno-Eduardo-Alves-768x514.jpg 768w, https:\/\/www.fazenda.niteroi.rj.gov.br\/site\/wp-content\/uploads\/2017\/03\/01-Vitoria-Maria-Presidente-do-CRC-Bruno-Eduardo-Alves-600x401.jpg 600w, https:\/\/www.fazenda.niteroi.rj.gov.br\/site\/wp-content\/uploads\/2017\/03\/01-Vitoria-Maria-Presidente-do-CRC-Bruno-Eduardo-Alves-1080x722.jpg 1080w, https:\/\/www.fazenda.niteroi.rj.gov.br\/site\/wp-content\/uploads\/2017\/03\/01-Vitoria-Maria-Presidente-do-CRC-Bruno-Eduardo-Alves.jpg 1615w\" sizes=\"auto, (max-width: 400px) 100vw, 400px\" \/><\/a><p id=\"caption-attachment-4135\" class=\"wp-caption-text\">Presidente do CRC, Vit\u00f3ria Maria (Foto: Bruno Eduardo Alves).<\/p><\/div>\n<p>&nbsp;<\/p>\n<div id=\"attachment_4136\" style=\"width: 410px\" class=\"wp-caption aligncenter\"><a href=\"http:\/\/fazenda.niteroi.rj.gov.br\/site\/wp-content\/uploads\/2017\/03\/02-Ary-Brafman-Superintendente-da-Secretaria-da-Fazenda-Bruno-Eduardo-Alves.jpg\"><img loading=\"lazy\" decoding=\"async\" aria-describedby=\"caption-attachment-4136\" class=\"size-medium wp-image-4136\" src=\"http:\/\/fazenda.niteroi.rj.gov.br\/site\/wp-content\/uploads\/2017\/03\/02-Ary-Brafman-Superintendente-da-Secretaria-da-Fazenda-Bruno-Eduardo-Alves-400x267.jpg\" alt=\"Superintendente da Secretaria da Fazenda, Ary Brafman (Foto: Bruno Eduardo Alves)\" width=\"400\" height=\"267\" srcset=\"https:\/\/www.fazenda.niteroi.rj.gov.br\/site\/wp-content\/uploads\/2017\/03\/02-Ary-Brafman-Superintendente-da-Secretaria-da-Fazenda-Bruno-Eduardo-Alves-400x267.jpg 400w, https:\/\/www.fazenda.niteroi.rj.gov.br\/site\/wp-content\/uploads\/2017\/03\/02-Ary-Brafman-Superintendente-da-Secretaria-da-Fazenda-Bruno-Eduardo-Alves-768x513.jpg 768w, https:\/\/www.fazenda.niteroi.rj.gov.br\/site\/wp-content\/uploads\/2017\/03\/02-Ary-Brafman-Superintendente-da-Secretaria-da-Fazenda-Bruno-Eduardo-Alves-600x401.jpg 600w, https:\/\/www.fazenda.niteroi.rj.gov.br\/site\/wp-content\/uploads\/2017\/03\/02-Ary-Brafman-Superintendente-da-Secretaria-da-Fazenda-Bruno-Eduardo-Alves-1080x722.jpg 1080w, https:\/\/www.fazenda.niteroi.rj.gov.br\/site\/wp-content\/uploads\/2017\/03\/02-Ary-Brafman-Superintendente-da-Secretaria-da-Fazenda-Bruno-Eduardo-Alves.jpg 1616w\" sizes=\"auto, (max-width: 400px) 100vw, 400px\" \/><\/a><p id=\"caption-attachment-4136\" class=\"wp-caption-text\">Superintendente da Secretaria da Fazenda, Ary Brafman (Foto: Bruno Eduardo Alves).<\/p><\/div>\n<p>&nbsp;<\/p>\n<div id=\"attachment_4139\" style=\"width: 410px\" class=\"wp-caption aligncenter\"><a href=\"http:\/\/fazenda.niteroi.rj.gov.br\/site\/wp-content\/uploads\/2017\/03\/05-Cesar-Augusto-Barbieiro-Secretario-Municipal-da-Fazenda-Bruno-Eduardo-Alves.jpg\"><img loading=\"lazy\" decoding=\"async\" aria-describedby=\"caption-attachment-4139\" class=\"size-medium wp-image-4139\" src=\"http:\/\/fazenda.niteroi.rj.gov.br\/site\/wp-content\/uploads\/2017\/03\/05-Cesar-Augusto-Barbieiro-Secretario-Municipal-da-Fazenda-Bruno-Eduardo-Alves-400x267.jpg\" alt=\"Secret\u00e1rio da Fazenda de Niter\u00f3i, Cesar Augusto Barbieiro ( Foto: Bruno Eduardo Alves)\" width=\"400\" height=\"267\" srcset=\"https:\/\/www.fazenda.niteroi.rj.gov.br\/site\/wp-content\/uploads\/2017\/03\/05-Cesar-Augusto-Barbieiro-Secretario-Municipal-da-Fazenda-Bruno-Eduardo-Alves-400x267.jpg 400w, https:\/\/www.fazenda.niteroi.rj.gov.br\/site\/wp-content\/uploads\/2017\/03\/05-Cesar-Augusto-Barbieiro-Secretario-Municipal-da-Fazenda-Bruno-Eduardo-Alves-768x513.jpg 768w, https:\/\/www.fazenda.niteroi.rj.gov.br\/site\/wp-content\/uploads\/2017\/03\/05-Cesar-Augusto-Barbieiro-Secretario-Municipal-da-Fazenda-Bruno-Eduardo-Alves-600x401.jpg 600w, https:\/\/www.fazenda.niteroi.rj.gov.br\/site\/wp-content\/uploads\/2017\/03\/05-Cesar-Augusto-Barbieiro-Secretario-Municipal-da-Fazenda-Bruno-Eduardo-Alves-1080x721.jpg 1080w, https:\/\/www.fazenda.niteroi.rj.gov.br\/site\/wp-content\/uploads\/2017\/03\/05-Cesar-Augusto-Barbieiro-Secretario-Municipal-da-Fazenda-Bruno-Eduardo-Alves.jpg 1617w\" sizes=\"auto, (max-width: 400px) 100vw, 400px\" \/><\/a><p id=\"caption-attachment-4139\" class=\"wp-caption-text\">Secret\u00e1rio da Fazenda de Niter\u00f3i, Cesar Augusto Barbiero ( Foto: Bruno Eduardo Alves).<\/p><\/div>\n<p>&nbsp;<\/p>\n<div id=\"attachment_4133\" style=\"width: 410px\" class=\"wp-caption aligncenter\"><a href=\"http:\/\/fazenda.niteroi.rj.gov.br\/site\/wp-content\/uploads\/2017\/03\/BEA4024-1.jpg\"><img loading=\"lazy\" decoding=\"async\" aria-describedby=\"caption-attachment-4133\" class=\"size-medium wp-image-4133\" src=\"http:\/\/fazenda.niteroi.rj.gov.br\/site\/wp-content\/uploads\/2017\/03\/BEA4024-1-400x265.jpg\" alt=\"Instrutor do IBAM Luiz Fernando Assun\u00e7\u00e3o.\" width=\"400\" height=\"265\" srcset=\"https:\/\/www.fazenda.niteroi.rj.gov.br\/site\/wp-content\/uploads\/2017\/03\/BEA4024-1-400x265.jpg 400w, https:\/\/www.fazenda.niteroi.rj.gov.br\/site\/wp-content\/uploads\/2017\/03\/BEA4024-1-768x509.jpg 768w, https:\/\/www.fazenda.niteroi.rj.gov.br\/site\/wp-content\/uploads\/2017\/03\/BEA4024-1-600x397.jpg 600w, https:\/\/www.fazenda.niteroi.rj.gov.br\/site\/wp-content\/uploads\/2017\/03\/BEA4024-1-1080x715.jpg 1080w, https:\/\/www.fazenda.niteroi.rj.gov.br\/site\/wp-content\/uploads\/2017\/03\/BEA4024-1.jpg 1631w\" sizes=\"auto, (max-width: 400px) 100vw, 400px\" \/><\/a><p id=\"caption-attachment-4133\" class=\"wp-caption-text\">Instrutor do IBAM Luiz Fernando Assun\u00e7\u00e3o.<\/p><\/div>\n<p>&nbsp;<\/p>\n","protected":false},"excerpt":{"rendered":"<p>A nova vers\u00e3o, que come\u00e7a a operar no dia 3 de abril, promete minimizar as taxas de erros, al\u00e9m de trazer uma navega\u00e7\u00e3o mais amig\u00e1vel, \u00e1gil e simples aos usu\u00e1rios.<\/p>\n","protected":false},"author":3,"featured_media":4052,"comment_status":"closed","ping_status":"closed","sticky":false,"template":"","format":"standard","meta":{"_et_pb_use_builder":"","_et_pb_old_content":"","_et_gb_content_width":"","_usar_header_alternativo":false,"footnotes":""},"categories":[10],"tags":[239,89,238,237],"class_list":["post-4051","post","type-post","status-publish","format-standard","has-post-thumbnail","hentry","category-noticias","tag-cdl","tag-cec","tag-ibam","tag-novo-sistema-de-nota-fiscal-eletronica","et-has-post-format-content","et_post_format-et-post-format-standard"],"_links":{"self":[{"href":"https:\/\/www.fazenda.niteroi.rj.gov.br\/site\/wp-json\/wp\/v2\/posts\/4051","targetHints":{"allow":["GET"]}}],"collection":[{"href":"https:\/\/www.fazenda.niteroi.rj.gov.br\/site\/wp-json\/wp\/v2\/posts"}],"about":[{"href":"https:\/\/www.fazenda.niteroi.rj.gov.br\/site\/wp-json\/wp\/v2\/types\/post"}],"author":[{"embeddable":true,"href":"https:\/\/www.fazenda.niteroi.rj.gov.br\/site\/wp-json\/wp\/v2\/users\/3"}],"replies":[{"embeddable":true,"href":"https:\/\/www.fazenda.niteroi.rj.gov.br\/site\/wp-json\/wp\/v2\/comments?post=4051"}],"version-history":[{"count":0,"href":"https:\/\/www.fazenda.niteroi.rj.gov.br\/site\/wp-json\/wp\/v2\/posts\/4051\/revisions"}],"wp:featuredmedia":[{"embeddable":true,"href":"https:\/\/www.fazenda.niteroi.rj.gov.br\/site\/wp-json\/wp\/v2\/media\/4052"}],"wp:attachment":[{"href":"https:\/\/www.fazenda.niteroi.rj.gov.br\/site\/wp-json\/wp\/v2\/media?parent=4051"}],"wp:term":[{"taxonomy":"category","embeddable":true,"href":"https:\/\/www.fazenda.niteroi.rj.gov.br\/site\/wp-json\/wp\/v2\/categories?post=4051"},{"taxonomy":"post_tag","embeddable":true,"href":"https:\/\/www.fazenda.niteroi.rj.gov.br\/site\/wp-json\/wp\/v2\/tags?post=4051"}],"curies":[{"name":"wp","href":"https:\/\/api.w.org\/{rel}","templated":true}]}}