{"id":4112,"date":"2016-09-01T13:03:39","date_gmt":"2016-09-01T16:03:39","guid":{"rendered":"http:\/\/fazenda.niteroi.rj.gov.br\/site\/?p=4112"},"modified":"2017-03-15T13:07:38","modified_gmt":"2017-03-15T16:07:38","slug":"acordao-1-8442016","status":"publish","type":"post","link":"https:\/\/www.fazenda.niteroi.rj.gov.br\/site\/acordao-1-8442016\/","title":{"rendered":"Ac\u00f3rd\u00e3o 1.844\/2016"},"content":{"rendered":"<ul>\n<li>917\u00ba Sess\u00e3o Ordin\u00e1ria, de 01\/09\/2016<\/li>\n<li>Processos: 030\/007512\/2016<\/li>\n<li>Recorrente:\u00a0Antonio Carlos Ferreira do Amaral<\/li>\n<li>Ementa: \u201d Acolhido a preliminar de intempestividade suscitada, e n\u00e3o conhecendo do Recurso. Recurso n\u00e3o provido\u201d.<\/li>\n<li>Inteiro Teor:\u00a0<a href=\"http:\/\/fazenda.niteroi.rj.gov.br\/site\/wp-content\/uploads\/2017\/03\/acordao-1.844-16.pdf\">Ac\u00f3rd\u00e3o 1.844\/2016<\/a><\/li>\n<\/ul>\n<ul>\n<li><strong>Enviado\u00a0 ao Prefeito para homologa\u00e7\u00e3o em: 20\/09\/2016.<\/strong><\/li>\n<\/ul>\n<p>De acordo com\u00a0 o que preceitua o Art.40 e Art. 63\u00a0 do Decreto 10487\/09, que estabelece as decis\u00f5es do Conselho ser\u00e3o submetidas a ato homologat\u00f3rio do Prefeito Municipal, precedido de manifesta\u00e7\u00e3o do Secret\u00e1rio de Fazenda.<\/p>\n<ul>\n<li><strong>Data da Homologa\u00e7\u00e3o:09\/03\/2017<\/strong><\/li>\n<\/ul>\n<p>Conforme o arquivo que est\u00e1 no link a seguir :\u00a0<a href=\"http:\/\/fazenda.niteroi.rj.gov.br\/site\/wp-content\/uploads\/2017\/03\/homologacao-1898-17.pdf\">Homologa\u00e7\u00e3o do Secret\u00e1rio Municipal de Fazenda<\/a><\/p>\n<p>&nbsp;<\/p>\n","protected":false},"excerpt":{"rendered":"<p>Ementa: \u201d Acolhido a preliminar de intempestividade suscitada, e n\u00e3o conhecendo do Recurso. Recurso n\u00e3o provido\u201d.<\/p>\n","protected":false},"author":4,"featured_media":1623,"comment_status":"closed","ping_status":"closed","sticky":false,"template":"","format":"standard","meta":{"_et_pb_use_builder":"","_et_pb_old_content":"","_et_gb_content_width":"","_usar_header_alternativo":false,"footnotes":""},"categories":[131],"tags":[],"class_list":["post-4112","post","type-post","status-publish","format-standard","has-post-thumbnail","hentry","category-acordaos","et-has-post-format-content","et_post_format-et-post-format-standard"],"_links":{"self":[{"href":"https:\/\/www.fazenda.niteroi.rj.gov.br\/site\/wp-json\/wp\/v2\/posts\/4112","targetHints":{"allow":["GET"]}}],"collection":[{"href":"https:\/\/www.fazenda.niteroi.rj.gov.br\/site\/wp-json\/wp\/v2\/posts"}],"about":[{"href":"https:\/\/www.fazenda.niteroi.rj.gov.br\/site\/wp-json\/wp\/v2\/types\/post"}],"author":[{"embeddable":true,"href":"https:\/\/www.fazenda.niteroi.rj.gov.br\/site\/wp-json\/wp\/v2\/users\/4"}],"replies":[{"embeddable":true,"href":"https:\/\/www.fazenda.niteroi.rj.gov.br\/site\/wp-json\/wp\/v2\/comments?post=4112"}],"version-history":[{"count":0,"href":"https:\/\/www.fazenda.niteroi.rj.gov.br\/site\/wp-json\/wp\/v2\/posts\/4112\/revisions"}],"wp:featuredmedia":[{"embeddable":true,"href":"https:\/\/www.fazenda.niteroi.rj.gov.br\/site\/wp-json\/wp\/v2\/media\/1623"}],"wp:attachment":[{"href":"https:\/\/www.fazenda.niteroi.rj.gov.br\/site\/wp-json\/wp\/v2\/media?parent=4112"}],"wp:term":[{"taxonomy":"category","embeddable":true,"href":"https:\/\/www.fazenda.niteroi.rj.gov.br\/site\/wp-json\/wp\/v2\/categories?post=4112"},{"taxonomy":"post_tag","embeddable":true,"href":"https:\/\/www.fazenda.niteroi.rj.gov.br\/site\/wp-json\/wp\/v2\/tags?post=4112"}],"curies":[{"name":"wp","href":"https:\/\/api.w.org\/{rel}","templated":true}]}}