{"id":4119,"date":"2017-03-16T17:45:53","date_gmt":"2017-03-16T20:45:53","guid":{"rendered":"http:\/\/fazenda.niteroi.rj.gov.br\/site\/?p=4119"},"modified":"2021-02-26T18:17:05","modified_gmt":"2021-02-26T21:17:05","slug":"contratos-2017","status":"publish","type":"post","link":"https:\/\/www.fazenda.niteroi.rj.gov.br\/site\/contratos-2017\/","title":{"rendered":"Contratos 2017"},"content":{"rendered":"<h3>Janeiro<\/h3>\n<ul>\n<li><a href=\"http:\/\/fazenda.niteroi.rj.gov.br\/site\/edital-07-2016-aparelhos-ar-condicionado\/\">Contrato SMF 01\/2017<\/a> &#8211; Celebrado com a empresa FG Regufe Refrigera\u00e7\u00e3o &#8211; ME para a compra de 14 aparelhos de ar-condicionado.<\/li>\n<li><a href=\"http:\/\/fazenda.niteroi.rj.gov.br\/site\/edital-082016-restauracao-de-vitral\/\">Contrato SMF 02\/2017<\/a> &#8211; Celebrado com a empresa Shiachticas Art&#8217;s Sacras e Restaura\u00e7\u00f5es LTDA para restaura\u00e7\u00e3o do vitral localizado na claraboia do Pal\u00e1cio Arariboia, sede da SMF.<\/li>\n<\/ul>\n<h3>Fevereiro<\/h3>\n<ul>\n<li><a href=\"http:\/\/fazenda.niteroi.rj.gov.br\/site\/wp-content\/uploads\/2017\/03\/2017-02-1o-aditivo-02-2016.pdf\">1\u00ba Termo Aditivo ao contrato 02\/2016<\/a>\u00a0&#8211; Prorrogado por mais doze meses com a empresa Emida Instala\u00e7\u00f5es LTDA para presta\u00e7\u00e3o do servi\u00e7o de manuten\u00e7\u00e3o preventiva e corretiva, com reposi\u00e7\u00e3o de pe\u00e7as e todos os servi\u00e7os necess\u00e1rios para o funcionamento dos 37 aparelhos de ar-condicionado da SMF.<\/li>\n<\/ul>\n<h3>Mar\u00e7o<\/h3>\n<ul>\n<li><a href=\"http:\/\/fazenda.niteroi.rj.gov.br\/site\/wp-content\/uploads\/2017\/03\/4o-Termo-Aditivo-ao-Contrato-9912350864-Correios.pdf\">4\u00ba Termo Aditivo ao Contrato 9912350864 (Correios)<\/a>\u00a0&#8211; Celebrado com a Empresa Brasileira de Correios e Tel\u00e9grafos para a prorroga\u00e7\u00e3o do servi\u00e7o de Franqueamento Autorizado de Cartas (FAC).<\/li>\n<li><a href=\"http:\/\/fazenda.niteroi.rj.gov.br\/site\/edital-de-credenciamento-01-2016\/\">Contrato SMF 03\/2017<\/a> &#8211; Celebrado com o Banco Santander\u00a0(Brasil) S\/A para a presta\u00e7\u00e3o do servi\u00e7o de arrecada\u00e7\u00e3o de tributos, contas e demais receitas.<\/li>\n<li><a href=\"http:\/\/fazenda.niteroi.rj.gov.br\/site\/edital-de-credenciamento-01-2016\/\">Contrato SMF 04\/2017<\/a>\u00a0&#8211; Celebrado com o Banco Citibank S\/A para a presta\u00e7\u00e3o do servi\u00e7o de arrecada\u00e7\u00e3o de tributos, contas e demais receitas.<\/li>\n<li><a href=\"http:\/\/fazenda.niteroi.rj.gov.br\/site\/edital-01-2015-assessoramento-para-calculo-do-ipm-icms\/\">2\u00ba Termo Aditivo ao Contrato 01\/2015<\/a>\u00a0&#8211; Celebrado com o Instituto Brasileiro de Desenvolvimento Institucional (IBRADI) para\u00a0acr\u00e9scimo de 22% do valor contratado referente \u00e0 an\u00e1lise, levantamento e identifica\u00e7\u00e3o de erros de DECLANS e GIAS dos anos-base de 2011 a 2015.<\/li>\n<\/ul>\n<h3>Maio<\/h3>\n<ul>\n<li><a href=\"http:\/\/fazenda.niteroi.rj.gov.br\/site\/wp-content\/uploads\/2017\/03\/5o-Termo-Aditivo-ao-Contrato-9912350864-Correios.pdf\">5\u00ba Termo Aditivo ao Contrato 9912350864 (Correios)<\/a>\u00a0&#8211; Celebrado com a\u00a0Empresa Brasileira de Correios e Tel\u00e9grafos para prorroga\u00e7\u00e3o do servi\u00e7o at\u00e9 17\/05\/2018.<\/li>\n<li><a href=\"http:\/\/fazenda.niteroi.rj.gov.br\/site\/edital-01-2015-assessoramento-para-calculo-do-ipm-icms\/\">3\u00ba Termo Aditivo ao Contrato 01\/2015<\/a>\u00a0&#8211;\u00a0Celebrado com o Instituto Brasileiro de Desenvolvimento Institucional (IBRADI) para prorroga\u00e7\u00e3o do servi\u00e7o.<\/li>\n<li><a href=\"http:\/\/fazenda.niteroi.rj.gov.br\/site\/edital-de-pregao-presencial-02-2016\/\">1\u00ba Termo Aditivo ao Contrato 06\/2016<\/a> &#8211; Celebrado com a empresa Gaiasec para altera\u00e7\u00e3o do cronograma de execu\u00e7\u00e3o na presta\u00e7\u00e3o do servi\u00e7o de estrutura\u00e7\u00e3o com posterior implementa\u00e7\u00e3o da opera\u00e7\u00e3o de securitiza\u00e7\u00e3o do fluxo de recupera\u00e7\u00e3o de cr\u00e9ditos inadimplidos junto \u00e0 SMF e \u00e0 PPF de Niter\u00f3i<\/li>\n<\/ul>\n<h3>Junho<\/h3>\n<ul>\n<li><a href=\"http:\/\/fazenda.niteroi.rj.gov.br\/site\/wp-content\/uploads\/2017\/03\/03-Aditivo-Contrato-SMF-01-2014-Vicma.pdf\">3\u00ba Aditivo ao Contrato SMF 01\/2014<\/a>\u00a0&#8211; Celebrado com a empesa VICMA para prorroga\u00e7\u00e3o do servi\u00e7o de loca\u00e7\u00e3o de um equipamento de reprografia e impress\u00e3o em rede<\/li>\n<li><a href=\"https:\/\/fazenda.niteroi.rj.gov.br\/site\/wp-content\/uploads\/2021\/02\/2017-06-SMF-05-2017.pdf\">Contrato SMF 05\/2017<\/a> &#8211; Celebrado com a empresa Serasa S\/A para a emiss\u00e3o de certificados digitais e-CPF.<\/li>\n<\/ul>\n<h3>Julho<\/h3>\n<ul>\n<li><a href=\"http:\/\/fazenda.niteroi.rj.gov.br\/site\/wp-content\/uploads\/2017\/03\/Contrato-SMF-09-2017.pdf\">Contrato SMF 09\/2017<\/a>\u00a0&#8211; Celebrado com a empresa Riotron Servi\u00e7o e Assist\u00eancia T\u00e9cnica EIRELI-EPP para presta\u00e7\u00e3o do servi\u00e7o de loca\u00e7\u00e3o de envelopadora, pelo per\u00edodo de tr\u00eas meses, ao custo total de R$ 6.000,00.<\/li>\n<\/ul>\n<h3>Agosto<\/h3>\n<ul>\n<li><a href=\"http:\/\/fazenda.niteroi.rj.gov.br\/site\/wp-content\/uploads\/2017\/03\/02-Aditivo-Contrato-SMF-02-2015-Via-Digital.pdf\">2\u00ba Aditivo ao Contrato SMF 02\/2015<\/a>\u00a0&#8211; Celebrado com a empresa Via Digital para prorroga\u00e7\u00e3o do servi\u00e7o de manuten\u00e7\u00e3o preventiva e corretiva nas linhas telef\u00f4nicas diretas e na central telef\u00f4nica<\/li>\n<li><a href=\"http:\/\/fazenda.niteroi.rj.gov.br\/site\/wp-content\/uploads\/2017\/03\/02-Aditivo-Contrato-SMF-06-2015-Sistematech.pdf\">2\u00ba Aditivo ao Contrato SMF 06\/2015<\/a>\u00a0&#8211; Celebrado com a empresa Sistematech Inform\u00e1tica Eireli-ME para prorroga\u00e7\u00e3o da vig\u00eancia do contrato 06\/2015 por mais doze meses<\/li>\n<\/ul>\n<h3>Setembro<\/h3>\n<ul>\n<li><a href=\"http:\/\/fazenda.niteroi.rj.gov.br\/site\/edital-042016-impressao-dos-carnes-de-iptu-e-iss-autonomo-2017\/\">1\u00ba Termo Aditivo ao Contrato 15\/2016<\/a> &#8211; Celebrado com a empresa \u00d4mega Engenharia de Software para presta\u00e7\u00e3o do servi\u00e7o de impress\u00e3o e montagem de carn\u00eas de IPTU e ISS aut\u00f4nomo para o exerc\u00edcio de 2018.<\/li>\n<\/ul>\n<h3>Outubro<\/h3>\n<ul>\n<li><a href=\"http:\/\/fazenda.niteroi.rj.gov.br\/site\/edital-de-credenciamento-01-2016\/\">1\u00ba Termo Aditivo ao Contrato 13\/2016<\/a> &#8211; Celebrado com o Banco Bradesco para prorroga\u00e7\u00e3o do servi\u00e7o de\u00a0arrecada\u00e7\u00e3o de contas, tributos e outras receitas do Munic\u00edpio de Niter\u00f3i<\/li>\n<li><a href=\"http:\/\/fazenda.niteroi.rj.gov.br\/site\/edital-de-credenciamento-01-2016\/\">1\u00ba Termo Aditivo ao Contrato 11\/2016<\/a> &#8211; Celebrado com o Ita\u00fa Unibanco para prorroga\u00e7\u00e3o do servi\u00e7o de\u00a0arrecada\u00e7\u00e3o de contas, tributos e outras receitas do Munic\u00edpio de Niter\u00f3i<\/li>\n<\/ul>\n<h3>Novembro<\/h3>\n<ul>\n<li><a href=\"http:\/\/fazenda.niteroi.rj.gov.br\/site\/wp-content\/uploads\/2017\/03\/03-Aditivo-Contrato-SMF-07-2015-Sistematech.pdf\">3\u00ba Aditivo ao Contrato SMF 07\/2015<\/a>\u00a0&#8211; Celebrado com a empresa\u00a0Sistematech para prorroga\u00e7\u00e3o do contrato 07\/2015 (contrata\u00e7\u00e3o de 1200 Pontos de Fun\u00e7\u00e3o e 9585 Unidades de Servi\u00e7o T\u00e9cnico)<\/li>\n<li><a href=\"http:\/\/fazenda.niteroi.rj.gov.br\/site\/edital-de-credenciamento-01-2016\/\">Contrato SMF 06\/2017<\/a>\u00a0&#8211; Celebrado com a Caixa Econ\u00f4mica Federal para presta\u00e7\u00e3o do servi\u00e7o de\u00a0arrecada\u00e7\u00e3o de contas, tributos e outras receitas do Munic\u00edpio de Niter\u00f3i<\/li>\n<\/ul>\n<h3>Dezembro<\/h3>\n<ul>\n<li><a href=\"http:\/\/fazenda.niteroi.rj.gov.br\/site\/wp-content\/uploads\/2017\/03\/5o-Aditivo-ao-Contrato-271-2012-IBAM.pdf\">5\u00ba Aditivo ao Contrato 271\/2012<\/a> &#8211; Celebrado com o Instituto Brasileiro de Administra\u00e7\u00e3o Municipal para prorroga\u00e7\u00e3o do servi\u00e7o de gest\u00e3o, manuten\u00e7\u00e3o, suporte e desenvolvimento de novas funcionalidades sobre o sistema informatizado de gest\u00e3o do ISS.<\/li>\n<\/ul>\n","protected":false},"excerpt":{"rendered":"<p>Contratos e prorroga\u00e7\u00f5es de contratos celebrados pela Secretaria Municipal da Fazenda em 2017.<\/p>\n","protected":false},"author":1,"featured_media":877,"comment_status":"closed","ping_status":"closed","sticky":false,"template":"","format":"standard","meta":{"_et_pb_use_builder":"","_et_pb_old_content":"","_et_gb_content_width":"","_usar_header_alternativo":false,"footnotes":""},"categories":[9],"tags":[],"class_list":["post-4119","post","type-post","status-publish","format-standard","has-post-thumbnail","hentry","category-licitacoes-contratos","et-has-post-format-content","et_post_format-et-post-format-standard"],"_links":{"self":[{"href":"https:\/\/www.fazenda.niteroi.rj.gov.br\/site\/wp-json\/wp\/v2\/posts\/4119","targetHints":{"allow":["GET"]}}],"collection":[{"href":"https:\/\/www.fazenda.niteroi.rj.gov.br\/site\/wp-json\/wp\/v2\/posts"}],"about":[{"href":"https:\/\/www.fazenda.niteroi.rj.gov.br\/site\/wp-json\/wp\/v2\/types\/post"}],"author":[{"embeddable":true,"href":"https:\/\/www.fazenda.niteroi.rj.gov.br\/site\/wp-json\/wp\/v2\/users\/1"}],"replies":[{"embeddable":true,"href":"https:\/\/www.fazenda.niteroi.rj.gov.br\/site\/wp-json\/wp\/v2\/comments?post=4119"}],"version-history":[{"count":0,"href":"https:\/\/www.fazenda.niteroi.rj.gov.br\/site\/wp-json\/wp\/v2\/posts\/4119\/revisions"}],"wp:featuredmedia":[{"embeddable":true,"href":"https:\/\/www.fazenda.niteroi.rj.gov.br\/site\/wp-json\/wp\/v2\/media\/877"}],"wp:attachment":[{"href":"https:\/\/www.fazenda.niteroi.rj.gov.br\/site\/wp-json\/wp\/v2\/media?parent=4119"}],"wp:term":[{"taxonomy":"category","embeddable":true,"href":"https:\/\/www.fazenda.niteroi.rj.gov.br\/site\/wp-json\/wp\/v2\/categories?post=4119"},{"taxonomy":"post_tag","embeddable":true,"href":"https:\/\/www.fazenda.niteroi.rj.gov.br\/site\/wp-json\/wp\/v2\/tags?post=4119"}],"curies":[{"name":"wp","href":"https:\/\/api.w.org\/{rel}","templated":true}]}}