{"id":4436,"date":"2017-05-10T21:57:35","date_gmt":"2017-05-11T00:57:35","guid":{"rendered":"http:\/\/fazenda.niteroi.rj.gov.br\/site\/?p=4436"},"modified":"2017-05-11T11:50:04","modified_gmt":"2017-05-11T14:50:04","slug":"pablo-villarim-assume-secretaria-da-fazenda-de-niteroi","status":"publish","type":"post","link":"https:\/\/www.fazenda.niteroi.rj.gov.br\/site\/pablo-villarim-assume-secretaria-da-fazenda-de-niteroi\/","title":{"rendered":"Pablo Villarim assume Secretaria da Fazenda de Niter\u00f3i."},"content":{"rendered":"<div id=\"attachment_4437\" style=\"width: 410px\" class=\"wp-caption alignright\"><a href=\"http:\/\/fazenda.niteroi.rj.gov.br\/site\/wp-content\/uploads\/2017\/05\/O-economista-Pablo-Villarim-e-o-novo-secretario-municipal-da-Fazenda-de-Niteroi.-Ele-substitui-Cesar-Augusto-Barbiero..jpg\"><img loading=\"lazy\" decoding=\"async\" aria-describedby=\"caption-attachment-4437\" class=\"size-medium wp-image-4437\" src=\"http:\/\/fazenda.niteroi.rj.gov.br\/site\/wp-content\/uploads\/2017\/05\/O-economista-Pablo-Villarim-e-o-novo-secretario-municipal-da-Fazenda-de-Niteroi.-Ele-substitui-Cesar-Augusto-Barbiero.-400x267.jpg\" alt=\"O economista Pablo Villarim \u00e9 o novo secret\u00e1rio municipal da Fazenda de Niter\u00f3i. Ele substitui Cesar Augusto Barbiero.\" width=\"400\" height=\"267\" srcset=\"https:\/\/www.fazenda.niteroi.rj.gov.br\/site\/wp-content\/uploads\/2017\/05\/O-economista-Pablo-Villarim-e-o-novo-secretario-municipal-da-Fazenda-de-Niteroi.-Ele-substitui-Cesar-Augusto-Barbiero.-400x267.jpg 400w, https:\/\/www.fazenda.niteroi.rj.gov.br\/site\/wp-content\/uploads\/2017\/05\/O-economista-Pablo-Villarim-e-o-novo-secretario-municipal-da-Fazenda-de-Niteroi.-Ele-substitui-Cesar-Augusto-Barbiero.-768x512.jpg 768w, https:\/\/www.fazenda.niteroi.rj.gov.br\/site\/wp-content\/uploads\/2017\/05\/O-economista-Pablo-Villarim-e-o-novo-secretario-municipal-da-Fazenda-de-Niteroi.-Ele-substitui-Cesar-Augusto-Barbiero.-600x400.jpg 600w, https:\/\/www.fazenda.niteroi.rj.gov.br\/site\/wp-content\/uploads\/2017\/05\/O-economista-Pablo-Villarim-e-o-novo-secretario-municipal-da-Fazenda-de-Niteroi.-Ele-substitui-Cesar-Augusto-Barbiero.-1080x720.jpg 1080w, https:\/\/www.fazenda.niteroi.rj.gov.br\/site\/wp-content\/uploads\/2017\/05\/O-economista-Pablo-Villarim-e-o-novo-secretario-municipal-da-Fazenda-de-Niteroi.-Ele-substitui-Cesar-Augusto-Barbiero..jpg 1620w\" sizes=\"auto, (max-width: 400px) 100vw, 400px\" \/><\/a><p id=\"caption-attachment-4437\" class=\"wp-caption-text\">O economista Pablo Villarim \u00e9 o novo secret\u00e1rio municipal da Fazenda de Niter\u00f3i. Ele substitui Cesar Augusto Barbiero. (Foto:\u00a0Bruno Eduardo Alves)<\/p><\/div>\n<p>O economista Pablo Villarim \u00e9 o novo secret\u00e1rio municipal da Fazenda de Niter\u00f3i. Ele substitui\u00a0Cesar Augusto Barbiero, \u00e0 frente da pasta\u00a0desde 2013. A\u00a0cerim\u00f4nia de posse de Villarim, realizada no Audit\u00f3rio da secretaria, contou com a presen\u00e7a do prefeito Rodrigo Neves.<\/p>\n<p>\u201cHoje temos os sentimentos de tristeza e de \u00e2nimo. Tristeza pela despedida do Barbiero, que \u00e9 um profissional excelente e fez um bel\u00edssimo trabalho, mas tamb\u00e9m \u00e2nimo renovado com a chegada de um novo secret\u00e1rio para enfrentar os desafios da pasta\u201d, explicou o prefeito.<\/p>\n<p>Durante o evento, Rodrigo Neves elogiou o trabalho realizado por Cesar Barbiero. &#8220;Fizemos uma pequena revolu\u00e7\u00e3o na Secretaria da Fazenda em 4 anos. Enquanto munic\u00edpios e o Estado vivem momento ca\u00f3tico, Niter\u00f3i est\u00e1 em condi\u00e7\u00e3o diferenciada, pagamos os servidores em dia e estamos realizando muitos investimentos. Por isso, em nome dos 500 mil moradores da cidade, agrade\u00e7o a sua participa\u00e7\u00e3o, contribui\u00e7\u00e3o, integridade, honestidade e compromisso com a sociedade e com a gest\u00e3o&#8221;, disse.<\/p>\n<p>O novo secret\u00e1rio, que ocupou nos \u00faltimos quatro anos o cargo de subsecret\u00e1rio de Planejamento e Or\u00e7amento na Seplag, ressaltou que sua gest\u00e3o ser\u00e1 de continuidade.<\/p>\n<div id=\"attachment_4441\" style=\"width: 410px\" class=\"wp-caption alignleft\"><a href=\"http:\/\/fazenda.niteroi.rj.gov.br\/site\/wp-content\/uploads\/2017\/05\/BEA0303.jpg\"><img loading=\"lazy\" decoding=\"async\" aria-describedby=\"caption-attachment-4441\" class=\"wp-image-4441 size-medium\" src=\"http:\/\/fazenda.niteroi.rj.gov.br\/site\/wp-content\/uploads\/2017\/05\/BEA0303-400x265.jpg\" alt=\"Da esquerda para direita: subsecret\u00e1rio de Receita Wolner Ferreira, o ex-secret\u00e1rio Cesar Barbiero, o prefeito Rodrigo Neves, o secret\u00e1rio Pablo Villarim, a subsecret\u00e1ria de Or\u00e7amento e Finan\u00e7as M\u00f4nica Martins e o subsecret\u00e1rio de Controle e Finan\u00e7a Francisco Florido. (Foto: Bruno Eduardo Alves)\" width=\"400\" height=\"265\" srcset=\"https:\/\/www.fazenda.niteroi.rj.gov.br\/site\/wp-content\/uploads\/2017\/05\/BEA0303-400x265.jpg 400w, https:\/\/www.fazenda.niteroi.rj.gov.br\/site\/wp-content\/uploads\/2017\/05\/BEA0303-768x509.jpg 768w, https:\/\/www.fazenda.niteroi.rj.gov.br\/site\/wp-content\/uploads\/2017\/05\/BEA0303-600x397.jpg 600w, https:\/\/www.fazenda.niteroi.rj.gov.br\/site\/wp-content\/uploads\/2017\/05\/BEA0303-1080x715.jpg 1080w, https:\/\/www.fazenda.niteroi.rj.gov.br\/site\/wp-content\/uploads\/2017\/05\/BEA0303.jpg 1631w\" sizes=\"auto, (max-width: 400px) 100vw, 400px\" \/><\/a><p id=\"caption-attachment-4441\" class=\"wp-caption-text\">Da esquerda para direita: o subsecret\u00e1rio de\u00a0Receita Wolner Ferreira, o ex-secret\u00e1rio Cesar Barbiero, o prefeito Rodrigo Neves, o secret\u00e1rio Pablo Villarim, a subsecret\u00e1ria de\u00a0Execu\u00e7\u00e3o Or\u00e7ament\u00e1ria e Financeira M\u00f4nica Martins e o subsecret\u00e1rio do Tesouro Municipal Francisco Florido. (Foto: Bruno Eduardo Alves)<\/p><\/div>\n<p>Emocionado, Cesar Barbiero agradeceu toda a equipe da Secretaria da Fazenda e a confian\u00e7a do prefeito Rodrigo Neves. \u201cFizemos uma gest\u00e3o p\u00fablica comprometida em conquistar o melhor para Niter\u00f3i. Agrade\u00e7o por terem me recebido e colaborado com o trabalho. Saio daqui com uma multiplicidade de experi\u00eancias, amigos e com a sensa\u00e7\u00e3o de dever cumprido\u201d, completou\u00a0Barbiero.<\/p>\n<p>Participaram da solenidade os secret\u00e1rios Giovanna Victer (Planejamento), Dayse Monassa (Conserva\u00e7\u00e3o), Vitor Junior (Governo), Maria C\u00e9lia Vasconcellos (Sa\u00fade), Fl\u00e1via Monteiro (Educa\u00e7\u00e3o), Fabiano Gon\u00e7alves (Administra\u00e7\u00e3o), Luiz Paulino (Desenvolvimento Econ\u00f4mico), o procurador-geral do munic\u00edpio, Carlos Raposo, o presidente da FME, Bruno Ribeiro, o presidente da CLIN, Luiz Fr\u00f3es, o presidente da Niter\u00f3i Prev, Moacir Linhares, al\u00e9m do vereador e l\u00edder do governo na C\u00e2mara, Milton Cal.<\/p>\n<h2>Sobre Pablo Villarim<\/h2>\n<p>Mestre em Economia pela Universidade Federal Fluminense (UFF), possui p\u00f3s-gradua\u00e7\u00e3o em Teoria Econ\u00f4mica pela Universidade Federal do Rio de Janeiro (UFRJ) e gradua\u00e7\u00e3o em ci\u00eancias econ\u00f4micas pela UFF. \u00c9 servidor da carreira de Especialista em Pol\u00edticas P\u00fablicas e Gest\u00e3o Governamental da Secretaria de Fazenda do Estado do Rio de Janeiro. Trabalhou na Administra\u00e7\u00e3o Federal, com atua\u00e7\u00e3o no grupo executivo do PAC do Minist\u00e9rio da Integra\u00e7\u00e3o Nacional e no Minist\u00e9rio do Desenvolvimento Social. Desde 2013, atuava como Subsecret\u00e1rio de Planejamento e Or\u00e7amento, na SEPLAG de Niter\u00f3i.<\/p>\n","protected":false},"excerpt":{"rendered":"<p>Ele substituiu Cesar Augusto Barbiero.<\/p>\n","protected":false},"author":3,"featured_media":4437,"comment_status":"closed","ping_status":"closed","sticky":false,"template":"","format":"standard","meta":{"_et_pb_use_builder":"","_et_pb_old_content":"","_et_gb_content_width":"","_usar_header_alternativo":false,"footnotes":""},"categories":[10],"tags":[248,247,246,250,249],"class_list":["post-4436","post","type-post","status-publish","format-standard","has-post-thumbnail","hentry","category-noticias","tag-cesar-augusto-barbiero","tag-novo-secretario-municipal-da-fazenda","tag-pablo-villarim","tag-prefeito","tag-rodrigo-neves","et-has-post-format-content","et_post_format-et-post-format-standard"],"_links":{"self":[{"href":"https:\/\/www.fazenda.niteroi.rj.gov.br\/site\/wp-json\/wp\/v2\/posts\/4436","targetHints":{"allow":["GET"]}}],"collection":[{"href":"https:\/\/www.fazenda.niteroi.rj.gov.br\/site\/wp-json\/wp\/v2\/posts"}],"about":[{"href":"https:\/\/www.fazenda.niteroi.rj.gov.br\/site\/wp-json\/wp\/v2\/types\/post"}],"author":[{"embeddable":true,"href":"https:\/\/www.fazenda.niteroi.rj.gov.br\/site\/wp-json\/wp\/v2\/users\/3"}],"replies":[{"embeddable":true,"href":"https:\/\/www.fazenda.niteroi.rj.gov.br\/site\/wp-json\/wp\/v2\/comments?post=4436"}],"version-history":[{"count":0,"href":"https:\/\/www.fazenda.niteroi.rj.gov.br\/site\/wp-json\/wp\/v2\/posts\/4436\/revisions"}],"wp:featuredmedia":[{"embeddable":true,"href":"https:\/\/www.fazenda.niteroi.rj.gov.br\/site\/wp-json\/wp\/v2\/media\/4437"}],"wp:attachment":[{"href":"https:\/\/www.fazenda.niteroi.rj.gov.br\/site\/wp-json\/wp\/v2\/media?parent=4436"}],"wp:term":[{"taxonomy":"category","embeddable":true,"href":"https:\/\/www.fazenda.niteroi.rj.gov.br\/site\/wp-json\/wp\/v2\/categories?post=4436"},{"taxonomy":"post_tag","embeddable":true,"href":"https:\/\/www.fazenda.niteroi.rj.gov.br\/site\/wp-json\/wp\/v2\/tags?post=4436"}],"curies":[{"name":"wp","href":"https:\/\/api.w.org\/{rel}","templated":true}]}}