{"id":4967,"date":"2017-08-22T15:08:03","date_gmt":"2017-08-22T18:08:03","guid":{"rendered":"http:\/\/fazenda.niteroi.rj.gov.br\/site\/?p=4967"},"modified":"2017-08-22T15:08:33","modified_gmt":"2017-08-22T18:08:33","slug":"nota-fiscal-eletronica-nfs-e-beneficios-ao-cidadao-e-a-administracao-publica","status":"publish","type":"post","link":"https:\/\/www.fazenda.niteroi.rj.gov.br\/site\/nota-fiscal-eletronica-nfs-e-beneficios-ao-cidadao-e-a-administracao-publica\/","title":{"rendered":"Nota Fiscal Eletr\u00f4nica (NFS-e): benef\u00edcios ao cidad\u00e3o e \u00e0 administra\u00e7\u00e3o p\u00fablica"},"content":{"rendered":"<p>A fim de homogeneizar o sistema de Nota Fiscal de Servi\u00e7os Eletr\u00f4nica (NFS-e), simplificar e aprimorar o combate \u00e0 sonega\u00e7\u00e3o, a secretaria da Fazenda de Niter\u00f3i (SMF) assinou termo de execu\u00e7\u00e3o conjunta com a Secretaria da Receita Federal, no in\u00edcio de agosto.<\/p>\n<p>A finalidade do conv\u00eanio entre os \u00f3rg\u00e3os \u00e9 padronizar os sistemas de NFS-e utilizados pelas Secretarias Municipais de Fazenda, facilitando a emiss\u00e3o de documentos fiscais pelos contribuintes, bem como otimizar o compartilhamento de informa\u00e7\u00f5es entre os Munic\u00edpios conveniados e o Governo Federal.<\/p>\n<p>A simplifica\u00e7\u00e3o na emiss\u00e3o da NFS-e tem como objetivo criar um padr\u00e3o nacional para redu\u00e7\u00e3o dos custos das empresas, aumento da seguran\u00e7a para armazenamento e manuseio dos documentos e amplia\u00e7\u00e3o de agilidade na gest\u00e3o tribut\u00e1ria, inclusive na an\u00e1lise de restitui\u00e7\u00e3o de cr\u00e9ditos tribut\u00e1rios.<\/p>\n<p>A NFS-e foi institu\u00edda no munic\u00edpio de Niter\u00f3i em 2010 pelo Decreto 10.767\/2010 e passou a ser obrigat\u00f3ria em 2011. Diversas atualiza\u00e7\u00f5es foram efetuadas, sendo a \u00faltima em abril de 2017, quando foi implantada a NitNota. Todas as iniciativas fazem parte de uma s\u00e9rie de a\u00e7\u00f5es para manter a sa\u00fade financeira e aplicar de maneira correta os recursos do Munic\u00edpio, al\u00e9m de envolver os cidad\u00e3os niteroienses nos processos de controle e gest\u00e3o da cidade.<\/p>\n","protected":false},"excerpt":{"rendered":"<p>SMF assina termo de execu\u00e7\u00e3o conjunta com a Secretaria da Receita Federal.<\/p>\n","protected":false},"author":3,"featured_media":911,"comment_status":"closed","ping_status":"closed","sticky":false,"template":"","format":"standard","meta":{"_et_pb_use_builder":"","_et_pb_old_content":"","_et_gb_content_width":"","_usar_header_alternativo":false,"footnotes":""},"categories":[10],"tags":[274,273,272,275],"class_list":["post-4967","post","type-post","status-publish","format-standard","has-post-thumbnail","hentry","category-noticias","tag-convenio","tag-nfs-e","tag-nota-fiscal-de-servicos-eletronica","tag-secretaria-da-receita-federal","et-has-post-format-content","et_post_format-et-post-format-standard"],"_links":{"self":[{"href":"https:\/\/www.fazenda.niteroi.rj.gov.br\/site\/wp-json\/wp\/v2\/posts\/4967","targetHints":{"allow":["GET"]}}],"collection":[{"href":"https:\/\/www.fazenda.niteroi.rj.gov.br\/site\/wp-json\/wp\/v2\/posts"}],"about":[{"href":"https:\/\/www.fazenda.niteroi.rj.gov.br\/site\/wp-json\/wp\/v2\/types\/post"}],"author":[{"embeddable":true,"href":"https:\/\/www.fazenda.niteroi.rj.gov.br\/site\/wp-json\/wp\/v2\/users\/3"}],"replies":[{"embeddable":true,"href":"https:\/\/www.fazenda.niteroi.rj.gov.br\/site\/wp-json\/wp\/v2\/comments?post=4967"}],"version-history":[{"count":0,"href":"https:\/\/www.fazenda.niteroi.rj.gov.br\/site\/wp-json\/wp\/v2\/posts\/4967\/revisions"}],"wp:featuredmedia":[{"embeddable":true,"href":"https:\/\/www.fazenda.niteroi.rj.gov.br\/site\/wp-json\/wp\/v2\/media\/911"}],"wp:attachment":[{"href":"https:\/\/www.fazenda.niteroi.rj.gov.br\/site\/wp-json\/wp\/v2\/media?parent=4967"}],"wp:term":[{"taxonomy":"category","embeddable":true,"href":"https:\/\/www.fazenda.niteroi.rj.gov.br\/site\/wp-json\/wp\/v2\/categories?post=4967"},{"taxonomy":"post_tag","embeddable":true,"href":"https:\/\/www.fazenda.niteroi.rj.gov.br\/site\/wp-json\/wp\/v2\/tags?post=4967"}],"curies":[{"name":"wp","href":"https:\/\/api.w.org\/{rel}","templated":true}]}}