{"id":5224,"date":"2017-10-18T12:44:48","date_gmt":"2017-10-18T14:44:48","guid":{"rendered":"http:\/\/fazenda.niteroi.rj.gov.br\/site\/?p=5224"},"modified":"2018-12-26T11:34:51","modified_gmt":"2018-12-26T13:34:51","slug":"calendario-tributario-2018","status":"publish","type":"post","link":"https:\/\/www.fazenda.niteroi.rj.gov.br\/site\/calendario-tributario-2018\/","title":{"rendered":"Calend\u00e1rio Tribut\u00e1rio 2018"},"content":{"rendered":"\n<ul class=\"wp-block-list\"><li>Veja o <a href=\"http:\/\/fazenda.niteroi.rj.gov.br\/site\/resolucao-smf-32-2018-cartrim-2019\/\">Calend\u00e1rio Tribut\u00e1rio 2019<\/a><\/li><\/ul>\n\n\n<p>A <a href=\"http:\/\/fazenda.niteroi.rj.gov.br\/site\/resolucao-smf-23-2017-cartrim-2018\/\">Resolu\u00e7\u00e3o SMF 23\/2017<\/a>&nbsp;estabelece o <strong>Calend\u00e1rio Tribut\u00e1rio de Niter\u00f3i 2018<\/strong>, trazendo as datas de recolhimento do IPTU, ISS e ISS aut\u00f4nomo, desconto para pagamento antecipado e atualiza\u00e7\u00e3o monet\u00e1ria dos tributos de 2,54%, de acordo com o IPCA.<\/p>\n<h2>IPTU<\/h2>\n<table>\n<thead>\n<tr>\n<th>Cota<\/th>\n<th>M\u00eas<\/th>\n<th>Data<\/th>\n<th>Dia da semana<\/th>\n<\/tr>\n<\/thead>\n<tbody>\n<tr>\n<td>01<\/td>\n<td>Janeiro<\/td>\n<td>12\/01<\/td>\n<td>sexta<\/td>\n<\/tr>\n<tr>\n<td>02<\/td>\n<td>Fevereiro<\/td>\n<td>12\/02<\/td>\n<td>segunda<\/td>\n<\/tr>\n<tr>\n<td>03<\/td>\n<td>Mar\u00e7o<\/td>\n<td>12\/03<\/td>\n<td>segunda<\/td>\n<\/tr>\n<tr>\n<td>04<\/td>\n<td>Abril<\/td>\n<td>10\/04<\/td>\n<td>ter\u00e7a<\/td>\n<\/tr>\n<tr>\n<td>05<\/td>\n<td>Maio<\/td>\n<td>10\/05<\/td>\n<td>quinta<\/td>\n<\/tr>\n<tr>\n<td>06<\/td>\n<td>Junho<\/td>\n<td>11\/06<\/td>\n<td>segunda<\/td>\n<\/tr>\n<tr>\n<td>07<\/td>\n<td>Julho<\/td>\n<td>10\/07<\/td>\n<td>ter\u00e7a<\/td>\n<\/tr>\n<tr>\n<td>08<\/td>\n<td>Agosto<\/td>\n<td>10\/08<\/td>\n<td>sexta<\/td>\n<\/tr>\n<tr>\n<td>09<\/td>\n<td>Setembro<\/td>\n<td>10\/09<\/td>\n<td>segunda<\/td>\n<\/tr>\n<tr>\n<td>10<\/td>\n<td>Outubro<\/td>\n<td>10\/10<\/td>\n<td>quarta<\/td>\n<\/tr>\n<tr>\n<td>11<\/td>\n<td>Novembro<\/td>\n<td>12\/11<\/td>\n<td>segunda<\/td>\n<\/tr>\n<\/tbody>\n<\/table>\n<ul>\n<li>Cota \u00danica: Vencimento em 08\/01\/2018 (segunda-feira) &#8211; Desconto de 8% no IPTU<\/li>\n<li>\u00daltimo dia para pagamento das cotas: 30\/11\/2018 (sexta-feira)<\/li>\n<\/ul>\n<h2>ISS<\/h2>\n<p>Vencimento todo dia 10 do m\u00eas seguinte \u00e0 compet\u00eancia, ou o pr\u00f3ximo dia \u00fatil.<\/p>\n<table>\n<thead>\n<tr>\n<th>Cota<\/th>\n<th>M\u00eas<\/th>\n<th>Data<\/th>\n<th>Dia da semana<\/th>\n<\/tr>\n<\/thead>\n<tbody>\n<tr>\n<td>01<\/td>\n<td>Janeiro<\/td>\n<td>12\/02<\/td>\n<td>segunda<\/td>\n<\/tr>\n<tr>\n<td>02<\/td>\n<td>Fevereiro<\/td>\n<td>12\/03<\/td>\n<td>segunda<\/td>\n<\/tr>\n<tr>\n<td>03<\/td>\n<td>Mar\u00e7o<\/td>\n<td>10\/04<\/td>\n<td>ter\u00e7a<\/td>\n<\/tr>\n<tr>\n<td>04<\/td>\n<td>Abril<\/td>\n<td>10\/05<\/td>\n<td>quinta<\/td>\n<\/tr>\n<tr>\n<td>05<\/td>\n<td>Maio<\/td>\n<td>11\/06<\/td>\n<td>segunda<\/td>\n<\/tr>\n<tr>\n<td>06<\/td>\n<td>Junho<\/td>\n<td>10\/07<\/td>\n<td>ter\u00e7a<\/td>\n<\/tr>\n<tr>\n<td>07<\/td>\n<td>Julho<\/td>\n<td>10\/08<\/td>\n<td>sexta<\/td>\n<\/tr>\n<tr>\n<td>08<\/td>\n<td>Agosto<\/td>\n<td>10\/09<\/td>\n<td>segunda<\/td>\n<\/tr>\n<tr>\n<td>09<\/td>\n<td>Setembro<\/td>\n<td>10\/10<\/td>\n<td>quarta<\/td>\n<\/tr>\n<tr>\n<td>10<\/td>\n<td>Outubro<\/td>\n<td>12\/11<\/td>\n<td>segunda<\/td>\n<\/tr>\n<tr>\n<td>11<\/td>\n<td>Novembro<\/td>\n<td>10\/12<\/td>\n<td>segunda<\/td>\n<\/tr>\n<tr>\n<td>12<\/td>\n<td>Dezembro<\/td>\n<td>10\/01\/2018<\/td>\n<td>quinta<\/td>\n<\/tr>\n<\/tbody>\n<\/table>\n<h2>ISS Aut\u00f4nomo<\/h2>\n<p>Cotas trimestrais.<\/p>\n<table>\n<thead>\n<tr>\n<th>Cota<\/th>\n<th>Trimestre<\/th>\n<th>Data<\/th>\n<th>Dia da semana<\/th>\n<\/tr>\n<\/thead>\n<tbody>\n<tr>\n<td>01<\/td>\n<td>Janeiro a mar\u00e7o<\/td>\n<td>12\/01<\/td>\n<td>sexta<\/td>\n<\/tr>\n<tr>\n<td>02<\/td>\n<td>Abril a junho<\/td>\n<td>10\/04<\/td>\n<td>ter\u00e7a<\/td>\n<\/tr>\n<tr>\n<td>03<\/td>\n<td>Julho a setembro<\/td>\n<td>10\/07<\/td>\n<td>ter\u00e7a<\/td>\n<\/tr>\n<tr>\n<td>04<\/td>\n<td>outubro a dezembro<\/td>\n<td>10\/10<\/td>\n<td>quarta<\/td>\n<\/tr>\n<\/tbody>\n<\/table>\n<ul>\n<li>Cota \u00danica: vencimento em 08\/01\/2018 (segunda-feira) &#8211; Desconto de 8% no ISS AUT\u00d4NOMO<\/li>\n<li>\u00daltimo dia para pagamento das cotas: 30\/11\/2018 (sexta-feira)<\/li>\n<\/ul>","protected":false},"excerpt":{"rendered":"<p>Calend\u00e1rio Tribut\u00e1rio de Niter\u00f3i 2018, desconto para pagamento antecipado e atualiza\u00e7\u00e3o monet\u00e1ria dos tributos.<\/p>\n","protected":false},"author":1,"featured_media":5225,"comment_status":"closed","ping_status":"closed","sticky":false,"template":"","format":"standard","meta":{"_et_pb_use_builder":"","_et_pb_old_content":"","_et_gb_content_width":"","_usar_header_alternativo":false,"footnotes":""},"categories":[10],"tags":[15],"class_list":["post-5224","post","type-post","status-publish","format-standard","has-post-thumbnail","hentry","category-noticias","tag-cartrim","et-has-post-format-content","et_post_format-et-post-format-standard"],"_links":{"self":[{"href":"https:\/\/www.fazenda.niteroi.rj.gov.br\/site\/wp-json\/wp\/v2\/posts\/5224","targetHints":{"allow":["GET"]}}],"collection":[{"href":"https:\/\/www.fazenda.niteroi.rj.gov.br\/site\/wp-json\/wp\/v2\/posts"}],"about":[{"href":"https:\/\/www.fazenda.niteroi.rj.gov.br\/site\/wp-json\/wp\/v2\/types\/post"}],"author":[{"embeddable":true,"href":"https:\/\/www.fazenda.niteroi.rj.gov.br\/site\/wp-json\/wp\/v2\/users\/1"}],"replies":[{"embeddable":true,"href":"https:\/\/www.fazenda.niteroi.rj.gov.br\/site\/wp-json\/wp\/v2\/comments?post=5224"}],"version-history":[{"count":0,"href":"https:\/\/www.fazenda.niteroi.rj.gov.br\/site\/wp-json\/wp\/v2\/posts\/5224\/revisions"}],"wp:featuredmedia":[{"embeddable":true,"href":"https:\/\/www.fazenda.niteroi.rj.gov.br\/site\/wp-json\/wp\/v2\/media\/5225"}],"wp:attachment":[{"href":"https:\/\/www.fazenda.niteroi.rj.gov.br\/site\/wp-json\/wp\/v2\/media?parent=5224"}],"wp:term":[{"taxonomy":"category","embeddable":true,"href":"https:\/\/www.fazenda.niteroi.rj.gov.br\/site\/wp-json\/wp\/v2\/categories?post=5224"},{"taxonomy":"post_tag","embeddable":true,"href":"https:\/\/www.fazenda.niteroi.rj.gov.br\/site\/wp-json\/wp\/v2\/tags?post=5224"}],"curies":[{"name":"wp","href":"https:\/\/api.w.org\/{rel}","templated":true}]}}