{"id":5784,"date":"2018-03-13T16:54:24","date_gmt":"2018-03-13T19:54:24","guid":{"rendered":"http:\/\/fazenda.niteroi.rj.gov.br\/site\/?p=5784"},"modified":"2018-03-13T16:54:24","modified_gmt":"2018-03-13T19:54:24","slug":"pauta-de-julgamento-para-o-dia-15-de-marco-de-2018","status":"publish","type":"post","link":"https:\/\/www.fazenda.niteroi.rj.gov.br\/site\/pauta-de-julgamento-para-o-dia-15-de-marco-de-2018\/","title":{"rendered":"Pauta de Julgamento para o dia 15 de Mar\u00e7o de 2018"},"content":{"rendered":"<p><a href=\"http:\/\/fazenda.niteroi.rj.gov.br\/site\/wp-content\/uploads\/2017\/04\/BRASAO1.jpg\"><img loading=\"lazy\" decoding=\"async\" class=\"wp-image-4285 aligncenter\" src=\"http:\/\/fazenda.niteroi.rj.gov.br\/site\/wp-content\/uploads\/2017\/04\/BRASAO1-229x300.jpg\" alt=\"\" width=\"137\" height=\"179\" srcset=\"https:\/\/www.fazenda.niteroi.rj.gov.br\/site\/wp-content\/uploads\/2017\/04\/BRASAO1-229x300.jpg 229w, https:\/\/www.fazenda.niteroi.rj.gov.br\/site\/wp-content\/uploads\/2017\/04\/BRASAO1.jpg 302w\" sizes=\"auto, (max-width: 137px) 100vw, 137px\" \/><\/a><\/p>\n<p>&nbsp;<\/p>\n<p style=\"text-align: center;\"><strong>PREFEITURA MUNICIPAL DE NITER\u00d3I<\/strong><\/p>\n<p style=\"text-align: center;\"><strong><u>CONSELHO DE CONTRIBUINTES &#8211; FCCN<\/u><\/strong><\/p>\n<p style=\"text-align: center;\">\n<p style=\"text-align: center;\">\n<p style=\"text-align: center;\">\u00a0\u00a0\u00a0 <strong>PAUTA DE JULGAMENTO &#8211; SESS\u00c3O QUE SE REALIZAR\u00c1 EM 15 DE MAR\u00c7O DE 2018 &#8211; (Art. 72 do Dec. 9735\/05 \u2013 Regimento Interno do FCCN).<\/strong><\/p>\n<p style=\"text-align: center;\"><strong>\u00a0<\/strong><\/p>\n<p style=\"text-align: center;\"><strong>\u00a0<\/strong><\/p>\n<p style=\"text-align: center;\"><strong>PRIMEIRA SESS\u00c3O 10:00 horas<\/strong><\/p>\n<p style=\"text-align: center;\"><strong>\u00a0<\/strong><\/p>\n<p style=\"text-align: center;\"><strong>\u00a0<\/strong><\/p>\n<p style=\"text-align: center;\"><strong>Processo: <\/strong><\/p>\n<p style=\"text-align: center;\"><strong>\u00a0<\/strong><\/p>\n<p style=\"text-align: center;\"><strong>030\/026874\/2017 \u2013 ADALBERTO DE OLIVEIRA GUIMAR\u00c3ES<\/strong><\/p>\n<p style=\"text-align: center;\"><strong>\u00a0<\/strong><\/p>\n<p style=\"text-align: center;\"><strong><u>Relator: Sr. Celio Moraes<\/u><\/strong><\/p>\n<p style=\"text-align: center;\"><strong>\u00a0<\/strong><\/p>\n<p style=\"text-align: center;\"><strong>\u00a0<\/strong><\/p>\n<p style=\"text-align: center;\"><strong>030\/012302\/2017 \u2013 ESTALEIRO BRASA LTDA<\/strong><\/p>\n<p style=\"text-align: center;\"><strong><u>\u00a0<\/u><\/strong><\/p>\n<p style=\"text-align: center;\"><strong><u>Relator: Sr. Alc\u00eddio Haydt<\/u><\/strong><\/p>\n<p style=\"text-align: center;\"><strong><u>\u00a0<\/u><\/strong><\/p>\n<p style=\"text-align: center;\"><strong>\u00a0<\/strong><\/p>\n<p style=\"text-align: center;\"><strong>030\/014622\/2016 \u2013 AMPLA ENERGIA E SERVI\u00c7OS S\/A.<\/strong><\/p>\n<p style=\"text-align: center;\"><strong><u>\u00a0<\/u><\/strong><\/p>\n<p style=\"text-align: center;\"><strong><u>Relator: Sr. Manoel Alves Junior<\/u><\/strong><\/p>\n<p style=\"text-align: center;\"><strong>\u00a0<\/strong><\/p>\n<p style=\"text-align: center;\"><strong>030\/021237\/2017 \u2013 VANDERLEI MONTEIRO SERPA.<\/strong><\/p>\n<p style=\"text-align: center;\"><strong><u>\u00a0<\/u><\/strong><\/p>\n<p style=\"text-align: center;\"><strong><u>Relator: Sr. Manoel Alves Junior<\/u><\/strong><\/p>\n<p style=\"text-align: center;\"><strong>\u00a0<\/strong><\/p>\n<p style=\"text-align: center;\"><strong>\u00a0<\/strong><\/p>\n<p style=\"text-align: center;\"><strong>\u00a0<\/strong><\/p>\n<p style=\"text-align: center;\"><strong>FCCN, em 13 de Mar\u00e7o de 2018.<\/strong><\/p>\n","protected":false},"excerpt":{"rendered":"<p>&nbsp; PREFEITURA MUNICIPAL DE NITER\u00d3I CONSELHO DE CONTRIBUINTES &#8211; FCCN \u00a0\u00a0\u00a0 PAUTA DE JULGAMENTO &#8211; SESS\u00c3O QUE SE REALIZAR\u00c1 EM 15 DE MAR\u00c7O DE 2018 &#8211; (Art. 72 do Dec. [&hellip;]<\/p>\n","protected":false},"author":4,"featured_media":4285,"comment_status":"closed","ping_status":"closed","sticky":false,"template":"","format":"standard","meta":{"_et_pb_use_builder":"","_et_pb_old_content":"","_et_gb_content_width":"","_usar_header_alternativo":false,"footnotes":""},"categories":[132],"tags":[],"class_list":["post-5784","post","type-post","status-publish","format-standard","has-post-thumbnail","hentry","category-pautas","et-has-post-format-content","et_post_format-et-post-format-standard"],"_links":{"self":[{"href":"https:\/\/www.fazenda.niteroi.rj.gov.br\/site\/wp-json\/wp\/v2\/posts\/5784","targetHints":{"allow":["GET"]}}],"collection":[{"href":"https:\/\/www.fazenda.niteroi.rj.gov.br\/site\/wp-json\/wp\/v2\/posts"}],"about":[{"href":"https:\/\/www.fazenda.niteroi.rj.gov.br\/site\/wp-json\/wp\/v2\/types\/post"}],"author":[{"embeddable":true,"href":"https:\/\/www.fazenda.niteroi.rj.gov.br\/site\/wp-json\/wp\/v2\/users\/4"}],"replies":[{"embeddable":true,"href":"https:\/\/www.fazenda.niteroi.rj.gov.br\/site\/wp-json\/wp\/v2\/comments?post=5784"}],"version-history":[{"count":0,"href":"https:\/\/www.fazenda.niteroi.rj.gov.br\/site\/wp-json\/wp\/v2\/posts\/5784\/revisions"}],"wp:featuredmedia":[{"embeddable":true,"href":"https:\/\/www.fazenda.niteroi.rj.gov.br\/site\/wp-json\/wp\/v2\/media\/4285"}],"wp:attachment":[{"href":"https:\/\/www.fazenda.niteroi.rj.gov.br\/site\/wp-json\/wp\/v2\/media?parent=5784"}],"wp:term":[{"taxonomy":"category","embeddable":true,"href":"https:\/\/www.fazenda.niteroi.rj.gov.br\/site\/wp-json\/wp\/v2\/categories?post=5784"},{"taxonomy":"post_tag","embeddable":true,"href":"https:\/\/www.fazenda.niteroi.rj.gov.br\/site\/wp-json\/wp\/v2\/tags?post=5784"}],"curies":[{"name":"wp","href":"https:\/\/api.w.org\/{rel}","templated":true}]}}