{"id":5803,"date":"2018-03-26T14:03:11","date_gmt":"2018-03-26T17:03:11","guid":{"rendered":"http:\/\/fazenda.niteroi.rj.gov.br\/site\/?p=5803"},"modified":"2018-03-26T14:03:11","modified_gmt":"2018-03-26T17:03:11","slug":"equipe-da-smf-participa-do-vi-seminario-conleste","status":"publish","type":"post","link":"https:\/\/www.fazenda.niteroi.rj.gov.br\/site\/equipe-da-smf-participa-do-vi-seminario-conleste\/","title":{"rendered":"Equipe da SMF participa do VI Semin\u00e1rio Conleste"},"content":{"rendered":"<p>O secret\u00e1rio da Fazenda de Niter\u00f3i, Pablo Villarim, o subsecret\u00e1rio de Receita, Wolner Costa, a Fiscal de Tributos, Maria Elisa Vidal, e os Procuradores do Munic\u00edpio, Carlos Lima e Felipe Mahfuz, participaram do VI Semin\u00e1rio Conleste, realizado no dia 22 de mar\u00e7o, no hotel Palmier, em Itabora\u00ed &#8211; RJ.<\/p>\n<p>Durante o encontro, promovido pela Escola de Governo e Gest\u00e3o de Niter\u00f3i, o Procurador Carlos Lima abordou o tema \u2018Aspectos Gerais do ISS e os Impactos da Lei Complementar Federal 157 de 2016\u2019 e Wolner Costa e Maria Elisa discorreram sobre a \u2018Gest\u00e3o do IPTU\u2019 na cidade de Niter\u00f3i. Para a Fiscal de Tributos, o tema \u00e9 importante e atual porque todos os munic\u00edpios possuem problemas similares a enfrentar, tais como constru\u00e7\u00f5es irregulares, \u00e1reas com ocupa\u00e7\u00e3o irregular e dificuldades para fiscalizar todo o territ\u00f3rio do munic\u00edpio. Al\u00e9m disso, considerando que cada munic\u00edpio possui legisla\u00e7\u00e3o de IPTU pr\u00f3pria, \u00e9 importante divulgar aspectos espec\u00edficos das leis e regulamenta\u00e7\u00f5es.<\/p>\n<p>Segundo o secret\u00e1rio da Fazenda, Pablo Villarim, o principal benef\u00edcio do encontro \u00e9 a troca de experi\u00eancias, com a divulga\u00e7\u00e3o de iniciativas e pr\u00e1ticas que deram certo nos munic\u00edpios envolvidos, para que possam ser aplicadas em outros locais. Villarim ressaltou ainda a utiliza\u00e7\u00e3o de fotografias a\u00e9reas para identificar constru\u00e7\u00f5es irregulares e estimar as \u00e1reas edificadas nos casos em que n\u00e3o \u00e9 poss\u00edvel efetuar vistoria no im\u00f3vel, por exemplo, quando o propriet\u00e1rio n\u00e3o permite a entrada do vistoriador.<\/p>\n<p>\u201c\u00c9 importante destacar que estamos em fase de implanta\u00e7\u00e3o do sistema de georreferenciamento que ser\u00e1 utilizado por toda a Prefeitura. Esse sistema facilitar\u00e1 o acesso pela secretaria da Fazenda \u00e0s informa\u00e7\u00f5es mantidas por outras secretarias, tais como os logradouros da cidade, al\u00e9m das informa\u00e7\u00f5es das quadras, lotes e edifica\u00e7\u00f5es mantidas pela pr\u00f3pria Fazenda, que ser\u00e3o disponibilizadas para todos os \u00f3rg\u00e3os municipais. Com a implanta\u00e7\u00e3o, poderemos contar com fun\u00e7\u00f5es para facilitar a vistoria e a atualiza\u00e7\u00e3o do cadastro imobili\u00e1rio e, assim, aumentar as \u00e1reas abrangidas pela fiscaliza\u00e7\u00e3o\u201d, explicou o secret\u00e1rio.<\/p>\n<p>O Cons\u00f3rcio Intermunicipal de Desenvolvimento do Leste Fluminense (Conleste) \u00e9 um cons\u00f3rcio p\u00fablico constitu\u00eddo atualmente por 15 munic\u00edpios da regi\u00e3o leste do estado do Rio de Janeiro. O objetivo principal do cons\u00f3rcio \u00e9 tra\u00e7ar estrat\u00e9gias de atua\u00e7\u00e3o conjuntas, conquistando, por meio de parcerias, atrativos que possam contribuir com o crescimento econ\u00f4mico, cultural e sustent\u00e1vel das regi\u00f5es consorciadas.<\/p>\n<div id=\"attachment_5806\" style=\"width: 410px\" class=\"wp-caption aligncenter\"><a href=\"http:\/\/fazenda.niteroi.rj.gov.br\/site\/wp-content\/uploads\/2018\/03\/WhatsApp-Image-2018-03-23-at-08.49.53.jpeg\"><img loading=\"lazy\" decoding=\"async\" aria-describedby=\"caption-attachment-5806\" class=\"size-medium wp-image-5806\" src=\"http:\/\/fazenda.niteroi.rj.gov.br\/site\/wp-content\/uploads\/2018\/03\/WhatsApp-Image-2018-03-23-at-08.49.53-400x300.jpeg\" alt=\"Equipe da SMF participa do VI Semin\u00e1rio Conleste.\" width=\"400\" height=\"300\" srcset=\"https:\/\/www.fazenda.niteroi.rj.gov.br\/site\/wp-content\/uploads\/2018\/03\/WhatsApp-Image-2018-03-23-at-08.49.53-400x300.jpeg 400w, https:\/\/www.fazenda.niteroi.rj.gov.br\/site\/wp-content\/uploads\/2018\/03\/WhatsApp-Image-2018-03-23-at-08.49.53-768x576.jpeg 768w, https:\/\/www.fazenda.niteroi.rj.gov.br\/site\/wp-content\/uploads\/2018\/03\/WhatsApp-Image-2018-03-23-at-08.49.53-600x450.jpeg 600w, https:\/\/www.fazenda.niteroi.rj.gov.br\/site\/wp-content\/uploads\/2018\/03\/WhatsApp-Image-2018-03-23-at-08.49.53-1080x810.jpeg 1080w, https:\/\/www.fazenda.niteroi.rj.gov.br\/site\/wp-content\/uploads\/2018\/03\/WhatsApp-Image-2018-03-23-at-08.49.53.jpeg 1280w\" sizes=\"auto, (max-width: 400px) 100vw, 400px\" \/><\/a><p id=\"caption-attachment-5806\" class=\"wp-caption-text\">Equipe da SMF participa do VI Semin\u00e1rio Conleste.<\/p><\/div>\n<div id=\"attachment_5805\" style=\"width: 235px\" class=\"wp-caption aligncenter\"><a href=\"http:\/\/fazenda.niteroi.rj.gov.br\/site\/wp-content\/uploads\/2018\/03\/WhatsApp-Image-2018-03-23-at-12.02.11.jpeg\"><img loading=\"lazy\" decoding=\"async\" aria-describedby=\"caption-attachment-5805\" class=\"size-medium wp-image-5805\" src=\"http:\/\/fazenda.niteroi.rj.gov.br\/site\/wp-content\/uploads\/2018\/03\/WhatsApp-Image-2018-03-23-at-12.02.11-225x300.jpeg\" alt=\"Procurador Carlos Eduardo Lima abordou a tem\u00e1tica \u201cAspectos Gerais do ISS e os Impactos da Lei Complementar Federal 157, de 2016&quot;.\" width=\"225\" height=\"300\" srcset=\"https:\/\/www.fazenda.niteroi.rj.gov.br\/site\/wp-content\/uploads\/2018\/03\/WhatsApp-Image-2018-03-23-at-12.02.11-225x300.jpeg 225w, https:\/\/www.fazenda.niteroi.rj.gov.br\/site\/wp-content\/uploads\/2018\/03\/WhatsApp-Image-2018-03-23-at-12.02.11-768x1024.jpeg 768w, https:\/\/www.fazenda.niteroi.rj.gov.br\/site\/wp-content\/uploads\/2018\/03\/WhatsApp-Image-2018-03-23-at-12.02.11-450x600.jpeg 450w, https:\/\/www.fazenda.niteroi.rj.gov.br\/site\/wp-content\/uploads\/2018\/03\/WhatsApp-Image-2018-03-23-at-12.02.11.jpeg 810w\" sizes=\"auto, (max-width: 225px) 100vw, 225px\" \/><\/a><p id=\"caption-attachment-5805\" class=\"wp-caption-text\">Procurador Carlos Eduardo Lima abordou a tem\u00e1tica \u201cAspectos Gerais do ISS e os Impactos da Lei Complementar Federal 157, de 2016&#8243;.<\/p><\/div>\n","protected":false},"excerpt":{"rendered":"<p>Encontro promove a troca de experi\u00eancias, com a divulga\u00e7\u00e3o de iniciativas e pr\u00e1ticas que deram certo nos munic\u00edpios envolvidos.<\/p>\n","protected":false},"author":3,"featured_media":5806,"comment_status":"closed","ping_status":"closed","sticky":false,"template":"","format":"standard","meta":{"_et_pb_use_builder":"","_et_pb_old_content":"","_et_gb_content_width":"","_usar_header_alternativo":false,"footnotes":""},"categories":[10],"tags":[320,317,319,318],"class_list":["post-5803","post","type-post","status-publish","format-standard","has-post-thumbnail","hentry","category-noticias","tag-aspectos-gerais-do-iss-e-os-impactos-da-lei-complementar-federal-157-de-2016","tag-conleste","tag-gestao-do-iptu","tag-vi-seminario-conleste","et-has-post-format-content","et_post_format-et-post-format-standard"],"_links":{"self":[{"href":"https:\/\/www.fazenda.niteroi.rj.gov.br\/site\/wp-json\/wp\/v2\/posts\/5803","targetHints":{"allow":["GET"]}}],"collection":[{"href":"https:\/\/www.fazenda.niteroi.rj.gov.br\/site\/wp-json\/wp\/v2\/posts"}],"about":[{"href":"https:\/\/www.fazenda.niteroi.rj.gov.br\/site\/wp-json\/wp\/v2\/types\/post"}],"author":[{"embeddable":true,"href":"https:\/\/www.fazenda.niteroi.rj.gov.br\/site\/wp-json\/wp\/v2\/users\/3"}],"replies":[{"embeddable":true,"href":"https:\/\/www.fazenda.niteroi.rj.gov.br\/site\/wp-json\/wp\/v2\/comments?post=5803"}],"version-history":[{"count":0,"href":"https:\/\/www.fazenda.niteroi.rj.gov.br\/site\/wp-json\/wp\/v2\/posts\/5803\/revisions"}],"wp:featuredmedia":[{"embeddable":true,"href":"https:\/\/www.fazenda.niteroi.rj.gov.br\/site\/wp-json\/wp\/v2\/media\/5806"}],"wp:attachment":[{"href":"https:\/\/www.fazenda.niteroi.rj.gov.br\/site\/wp-json\/wp\/v2\/media?parent=5803"}],"wp:term":[{"taxonomy":"category","embeddable":true,"href":"https:\/\/www.fazenda.niteroi.rj.gov.br\/site\/wp-json\/wp\/v2\/categories?post=5803"},{"taxonomy":"post_tag","embeddable":true,"href":"https:\/\/www.fazenda.niteroi.rj.gov.br\/site\/wp-json\/wp\/v2\/tags?post=5803"}],"curies":[{"name":"wp","href":"https:\/\/api.w.org\/{rel}","templated":true}]}}