{"id":635,"date":"2016-07-08T12:42:44","date_gmt":"2016-07-08T15:42:44","guid":{"rendered":"http:\/\/localhost:8080\/smf\/?p=635"},"modified":"2016-07-18T14:08:31","modified_gmt":"2016-07-18T17:08:31","slug":"multas-de-transito-e-ipva-em-atraso","status":"publish","type":"post","link":"https:\/\/www.fazenda.niteroi.rj.gov.br\/site\/multas-de-transito-e-ipva-em-atraso\/","title":{"rendered":"Multas de tr\u00e2nsito e IPVA em atraso?"},"content":{"rendered":"<h2>Solicite o parcelamento e contribua com as finan\u00e7as do Munic\u00edpio.<\/h2>\n<p><a href=\"http:\/\/fazenda.niteroi.rj.gov.br\/site\/wp-content\/uploads\/2016\/07\/parcelamento-IPVA2.jpg\"><img loading=\"lazy\" decoding=\"async\" class=\"alignright wp-image-900 size-medium\" src=\"http:\/\/fazenda.niteroi.rj.gov.br\/site\/wp-content\/uploads\/2016\/07\/parcelamento-IPVA2-225x300.jpg\" alt=\"Cartaz institucional com imagem de obras vi\u00e1rias e o seguinte texto: &quot;Multa de tr\u00e2nsito e IPVA em atraso? Solicite o parcelamento e contribua para melhorias em Niter\u00f3i&quot;.\" width=\"225\" height=\"300\" srcset=\"https:\/\/www.fazenda.niteroi.rj.gov.br\/site\/wp-content\/uploads\/2016\/07\/parcelamento-IPVA2-225x300.jpg 225w, https:\/\/www.fazenda.niteroi.rj.gov.br\/site\/wp-content\/uploads\/2016\/07\/parcelamento-IPVA2-450x600.jpg 450w, https:\/\/www.fazenda.niteroi.rj.gov.br\/site\/wp-content\/uploads\/2016\/07\/parcelamento-IPVA2.jpg 600w\" sizes=\"auto, (max-width: 225px) 100vw, 225px\" \/><\/a>Os donos de ve\u00edculos no Estado do Rio de Janeiro em d\u00e9bito com IPVA podem quitar as d\u00edvidas com condi\u00e7\u00f5es especiais a partir do dia 1\u00ba de junho. O pagamento do imposto atrasado poder\u00e1 ser parcelado em 12 vezes ou quitado \u00e0 vista, com anistia total dos juros e multa, caso todas as parcelas sejam quitadas at\u00e9 o fim de 2016.<\/p>\n<p>Os contribuintes pessoa f\u00edsica poder\u00e3o aderir ao programa pelo site da Secretaria Estadual de Fazenda, enquanto as empresas precisam procurar uma unidade de atendimento. Em ambos os casos, a solicita\u00e7\u00e3o dever\u00e1 ser feita at\u00e9 o dia 31 de outubro deste ano.<\/p>\n<p>Para aproveitar as condi\u00e7\u00f5es do programa, todos os d\u00e9bitos em aberto dever\u00e3o ser quitados, seja para o pagamento \u00e0 vista ou parcelado. Para ter acesso \u00e0 anistia total, o vencimento da \u00faltima parcela deve ser at\u00e9 o fim deste ano. Isso significa dizer que, caso o contribuinte escolha a op\u00e7\u00e3o de pagamento em 12 vezes, que ter\u00e1 as \u00faltimas parcelas em 2017, os juros e multa permanecem no c\u00e1lculo para o pagamento.<\/p>\n<p>O Imposto sobre Propriedade de Ve\u00edculos Automotores ou simplesmente IPVA, como \u00e9 conhecido popularmente, \u00e9 um dos impostos mais importantes em todo o Brasil, principalmente para os munic\u00edpios em si: do total da arrecada\u00e7\u00e3o do IPVA, 50% \u00e9 do Estado e 50% \u00e9 do munic\u00edpio onde o ve\u00edculo foi emplacado.<\/p>\n<p><a href=\"http:\/\/www1.fazenda.rj.gov.br\/parcelamentoipva\/paginas\/parcelamento\/index.xhtml\">Solicite o parcelamento do seu IPVA pelo site da Fazenda Estadual, clique aqui<\/a><a>.<\/a><\/p>\n<h3>Sobre o parcelamento das multas<\/h3>\n<p>Est\u00e3o sujeitas ao parcelamento todas as multas j\u00e1 transitadas em julgado (ou seja, aquelas onde n\u00e3o cabem mais recursos), aplicadas pelo Estado do Rio de Janeiro, referentes ao exerc\u00edcio vigente e aos quatro exerc\u00edcios anteriores. As multas de ve\u00edculos registrados no Estado do Rio de Janeiro, mas aplicadas em outro estado, est\u00e3o fora do parcelamento.<\/p>\n<p>Com o<b> pagamento da primeira parcela<\/b> de cada uma das multas devidas pelo ve\u00edculo, seu propriet\u00e1rio <b>j\u00e1 poder\u00e1 agendar a vistoria<\/b> e obter a segunda via do CRLV (Certificado de Registro e Licenciamento de Ve\u00edculo), mas continuar\u00e1 impedido de realizar transfer\u00eancia de propriedade e de jurisdi\u00e7\u00e3o enquanto os d\u00e9bitos n\u00e3o forem quitados integralmente.<\/p>\n<p><a href=\"http:\/\/www.detran.rj.gov.br\/_documento.asp?cod=7726\">Solicite o parcelamento das multas de tr\u00e2nsito pelo site do DETRAN-RJ, clique aqui<\/a>.<\/p>\n","protected":false},"excerpt":{"rendered":"<p>Os donos de ve\u00edculos podem quitar as d\u00edvidas com anistia total dos juros e multa, caso todas as parcelas sejam quitadas at\u00e9 o fim de 2016.<\/p>\n","protected":false},"author":1,"featured_media":900,"comment_status":"closed","ping_status":"closed","sticky":false,"template":"","format":"standard","meta":{"_et_pb_use_builder":"","_et_pb_old_content":"","_et_gb_content_width":"","_usar_header_alternativo":false,"footnotes":""},"categories":[10],"tags":[31,36],"class_list":["post-635","post","type-post","status-publish","format-standard","has-post-thumbnail","hentry","category-noticias","tag-ipva","tag-parcelamento","et-has-post-format-content","et_post_format-et-post-format-standard"],"_links":{"self":[{"href":"https:\/\/www.fazenda.niteroi.rj.gov.br\/site\/wp-json\/wp\/v2\/posts\/635","targetHints":{"allow":["GET"]}}],"collection":[{"href":"https:\/\/www.fazenda.niteroi.rj.gov.br\/site\/wp-json\/wp\/v2\/posts"}],"about":[{"href":"https:\/\/www.fazenda.niteroi.rj.gov.br\/site\/wp-json\/wp\/v2\/types\/post"}],"author":[{"embeddable":true,"href":"https:\/\/www.fazenda.niteroi.rj.gov.br\/site\/wp-json\/wp\/v2\/users\/1"}],"replies":[{"embeddable":true,"href":"https:\/\/www.fazenda.niteroi.rj.gov.br\/site\/wp-json\/wp\/v2\/comments?post=635"}],"version-history":[{"count":0,"href":"https:\/\/www.fazenda.niteroi.rj.gov.br\/site\/wp-json\/wp\/v2\/posts\/635\/revisions"}],"wp:featuredmedia":[{"embeddable":true,"href":"https:\/\/www.fazenda.niteroi.rj.gov.br\/site\/wp-json\/wp\/v2\/media\/900"}],"wp:attachment":[{"href":"https:\/\/www.fazenda.niteroi.rj.gov.br\/site\/wp-json\/wp\/v2\/media?parent=635"}],"wp:term":[{"taxonomy":"category","embeddable":true,"href":"https:\/\/www.fazenda.niteroi.rj.gov.br\/site\/wp-json\/wp\/v2\/categories?post=635"},{"taxonomy":"post_tag","embeddable":true,"href":"https:\/\/www.fazenda.niteroi.rj.gov.br\/site\/wp-json\/wp\/v2\/tags?post=635"}],"curies":[{"name":"wp","href":"https:\/\/api.w.org\/{rel}","templated":true}]}}