{"id":6557,"date":"2018-06-07T14:05:25","date_gmt":"2018-06-07T17:05:25","guid":{"rendered":"http:\/\/fazenda.niteroi.rj.gov.br\/site\/?p=6557"},"modified":"2018-09-10T14:12:23","modified_gmt":"2018-09-10T17:12:23","slug":"acordao-2136-2018","status":"publish","type":"post","link":"https:\/\/www.fazenda.niteroi.rj.gov.br\/site\/acordao-2136-2018\/","title":{"rendered":"Ac\u00f3rd\u00e3o 2136\/2018"},"content":{"rendered":"<p>&nbsp;<\/p>\n<ul>\n<li>1035\u00ba Sess\u00e3o Ordin\u00e1ria, de 07\/06\/2018<\/li>\n<li>Processos: 030\/007103\/2014<\/li>\n<li>Recorrente:\u00a0Marco Antonio Condeixa<\/li>\n<li>Ementa: &#8220;Auto de infra\u00e7\u00e3o regulamentar &#8211; Obriga\u00e7\u00e3o acess\u00f3ria &#8211; N\u00e3o efetiva\u00e7\u00e3o de inscri\u00e7\u00e3o no cadastro eletr\u00f4nico de contribuintes (CEC) no prazo regulamentar estabelecido no decreto 10767\/2010 &#8211; As obriga\u00e7\u00f5es acess\u00f3rias configuram deveres instrumentais que asseguram \u00e0 fiscaliza\u00e7\u00e3o\u00a0 a obten\u00e7\u00e3o dos elementos necess\u00e1rios \u00e0 verifica\u00e7\u00e3o do adequado cumprimento das obriga\u00e7\u00f5es principais &#8211; Proced\u00eancia do lan\u00e7amento&#8221;.<\/li>\n<li>Inteiro Teor:\u00a0<a href=\"http:\/\/fazenda.niteroi.rj.gov.br\/site\/wp-content\/uploads\/2018\/09\/acordao-2136-2018.pdf\">Ac\u00f3rd\u00e3o 2136\/2018<\/a><\/li>\n<\/ul>\n<ul>\n<li><strong>Enviado\u00a0 ao Prefeito para homologa\u00e7\u00e3o em: 09\/07\/2018.<\/strong><\/li>\n<\/ul>\n<p>De acordo com\u00a0 o que preceitua o Art.40 e Art. 63\u00a0 do Decreto 10487\/09, que estabelece as decis\u00f5es do Conselho ser\u00e3o submetidas a ato homologat\u00f3rio do Prefeito Municipal, precedido de manifesta\u00e7\u00e3o do Secret\u00e1rio de Fazenda.<\/p>\n<ul>\n<li><strong>Data da Homologa\u00e7\u00e3o: 12\/07\/2018.<\/strong><\/li>\n<\/ul>\n<p>Conforme o arquivo que est\u00e1 no link a seguir :\u00a0<a href=\"http:\/\/fazenda.niteroi.rj.gov.br\/site\/wp-content\/uploads\/2018\/09\/homologacao-2136.pdf\">Homologa\u00e7\u00e3o do Secret\u00e1rio Municipal de Fazenda<\/a><\/p>\n","protected":false},"excerpt":{"rendered":"<p>&nbsp; 1035\u00ba Sess\u00e3o Ordin\u00e1ria, de 07\/06\/2018 Processos: 030\/007103\/2014 Recorrente:\u00a0Marco Antonio Condeixa Ementa: &#8220;Auto de infra\u00e7\u00e3o regulamentar &#8211; Obriga\u00e7\u00e3o acess\u00f3ria &#8211; N\u00e3o efetiva\u00e7\u00e3o de inscri\u00e7\u00e3o no cadastro eletr\u00f4nico de contribuintes (CEC) [&hellip;]<\/p>\n","protected":false},"author":4,"featured_media":1623,"comment_status":"closed","ping_status":"closed","sticky":false,"template":"","format":"standard","meta":{"_et_pb_use_builder":"","_et_pb_old_content":"","_et_gb_content_width":"","_usar_header_alternativo":false,"footnotes":""},"categories":[131],"tags":[],"class_list":["post-6557","post","type-post","status-publish","format-standard","has-post-thumbnail","hentry","category-acordaos","et-has-post-format-content","et_post_format-et-post-format-standard"],"_links":{"self":[{"href":"https:\/\/www.fazenda.niteroi.rj.gov.br\/site\/wp-json\/wp\/v2\/posts\/6557","targetHints":{"allow":["GET"]}}],"collection":[{"href":"https:\/\/www.fazenda.niteroi.rj.gov.br\/site\/wp-json\/wp\/v2\/posts"}],"about":[{"href":"https:\/\/www.fazenda.niteroi.rj.gov.br\/site\/wp-json\/wp\/v2\/types\/post"}],"author":[{"embeddable":true,"href":"https:\/\/www.fazenda.niteroi.rj.gov.br\/site\/wp-json\/wp\/v2\/users\/4"}],"replies":[{"embeddable":true,"href":"https:\/\/www.fazenda.niteroi.rj.gov.br\/site\/wp-json\/wp\/v2\/comments?post=6557"}],"version-history":[{"count":0,"href":"https:\/\/www.fazenda.niteroi.rj.gov.br\/site\/wp-json\/wp\/v2\/posts\/6557\/revisions"}],"wp:featuredmedia":[{"embeddable":true,"href":"https:\/\/www.fazenda.niteroi.rj.gov.br\/site\/wp-json\/wp\/v2\/media\/1623"}],"wp:attachment":[{"href":"https:\/\/www.fazenda.niteroi.rj.gov.br\/site\/wp-json\/wp\/v2\/media?parent=6557"}],"wp:term":[{"taxonomy":"category","embeddable":true,"href":"https:\/\/www.fazenda.niteroi.rj.gov.br\/site\/wp-json\/wp\/v2\/categories?post=6557"},{"taxonomy":"post_tag","embeddable":true,"href":"https:\/\/www.fazenda.niteroi.rj.gov.br\/site\/wp-json\/wp\/v2\/tags?post=6557"}],"curies":[{"name":"wp","href":"https:\/\/api.w.org\/{rel}","templated":true}]}}