{"id":6698,"date":"2018-11-09T16:33:45","date_gmt":"2018-11-09T18:33:45","guid":{"rendered":"http:\/\/fazenda.niteroi.rj.gov.br\/site\/?p=6698"},"modified":"2018-11-09T16:53:00","modified_gmt":"2018-11-09T18:53:00","slug":"pauta-de-julgamento-para-o-dia-12-de-novembro-de-2018","status":"publish","type":"post","link":"https:\/\/www.fazenda.niteroi.rj.gov.br\/site\/pauta-de-julgamento-para-o-dia-12-de-novembro-de-2018\/","title":{"rendered":"Pauta de Julgamento para o dia 12 de Novembro de 2018"},"content":{"rendered":"<p><a href=\"http:\/\/fazenda.niteroi.rj.gov.br\/site\/wp-content\/uploads\/2017\/04\/BRASAO1.jpg\"><img loading=\"lazy\" decoding=\"async\" class=\"wp-image-4285 aligncenter\" src=\"http:\/\/fazenda.niteroi.rj.gov.br\/site\/wp-content\/uploads\/2017\/04\/BRASAO1-229x300.jpg\" alt=\"\" width=\"172\" height=\"225\" srcset=\"https:\/\/www.fazenda.niteroi.rj.gov.br\/site\/wp-content\/uploads\/2017\/04\/BRASAO1-229x300.jpg 229w, https:\/\/www.fazenda.niteroi.rj.gov.br\/site\/wp-content\/uploads\/2017\/04\/BRASAO1.jpg 302w\" sizes=\"auto, (max-width: 172px) 100vw, 172px\" \/><\/a><\/p>\n<p style=\"text-align: center;\"><strong>PREFEITURA MUNICIPAL DE NITER\u00d3I<\/strong><\/p>\n<p style=\"text-align: center;\"><strong><u>CONSELHO DE CONTRIBUINTES &#8211; FCCN<\/u><\/strong><\/p>\n<p style=\"text-align: center;\">\u00a0\u00a0\u00a0 <strong>PAUTA DE JULGAMENTO &#8211; SESS\u00c3O QUE SE REALIZAR\u00c1 EM 12 DE NOVEMBRO DE 2018 \u00c0S 10:00 HORAS &#8211; (Art. 72 do Dec. 9735\/05 \u2013 Regimento Interno do FCCN).<\/strong><\/p>\n<p style=\"text-align: center;\"><strong>\u00a0<\/strong><strong>\u00a0<\/strong><\/p>\n<p style=\"text-align: center;\"><strong>1\u00aa SESS\u00c3O \u2013 \u00c0S 10:00 HS.<\/strong><\/p>\n<p style=\"text-align: center;\"><strong>\u00a0<\/strong><strong>\u00a0<\/strong><\/p>\n<p style=\"text-align: center;\"><strong>RECURSO:<\/strong><\/p>\n<p style=\"text-align: center;\">030\/026097\/2017- 030\/026098\/2017- 030\/026103\/2017-<\/p>\n<p style=\"text-align: center;\">030\/026112\/2017- 030\/026113\/2017- 030\/026114\/2017-<\/p>\n<p style=\"text-align: center;\">030\/026115\/2017- 030\/026117\/2017- 030\/026118\/2017-<\/p>\n<p style=\"text-align: center;\">030\/026119\/2017 \u2013 <strong>CONFIDENCE CORRETORA DE C\u00c2MBIO S\/A<\/strong><\/p>\n<p style=\"text-align: center;\">CONSELHEIRO\/RELATOR: &#8211; SR. C\u00c9LIO DE MORAES<\/p>\n<p style=\"text-align: center;\">FCCN, em 09 de Novembro de 2018<\/p>\n<p style=\"text-align: center;\">SECRETARIA<\/p>\n<p style=\"text-align: center;\"><a href=\"http:\/\/fazenda.niteroi.rj.gov.br\/site\/wp-content\/uploads\/2017\/04\/BRASAO1.jpg\"><img loading=\"lazy\" decoding=\"async\" class=\"wp-image-4285 aligncenter\" src=\"http:\/\/fazenda.niteroi.rj.gov.br\/site\/wp-content\/uploads\/2017\/04\/BRASAO1-229x300.jpg\" alt=\"\" width=\"172\" height=\"225\" srcset=\"https:\/\/www.fazenda.niteroi.rj.gov.br\/site\/wp-content\/uploads\/2017\/04\/BRASAO1-229x300.jpg 229w, https:\/\/www.fazenda.niteroi.rj.gov.br\/site\/wp-content\/uploads\/2017\/04\/BRASAO1.jpg 302w\" sizes=\"auto, (max-width: 172px) 100vw, 172px\" \/><\/a><\/p>\n<p style=\"text-align: center;\"><strong>PREFEITURA MUNICIPAL DE NITER\u00d3I<\/strong><\/p>\n<p style=\"text-align: center;\"><strong><u>CONSELHO DE CONTRIBUINTES &#8211; FCCN<\/u><\/strong><\/p>\n<p style=\"text-align: center;\">\u00a0\u00a0\u00a0 <strong>PAUTA DE JULGAMENTO &#8211; SESS\u00c3O QUE SE REALIZAR\u00c1 12 DE NOVEMBRO DE 2018 \u00c0S 13:00 HORAS &#8211; (Art. 72 do Dec. 9735\/05 \u2013 Regimento Interno do FCCN).<\/strong><\/p>\n<p style=\"text-align: center;\"><strong>\u00a0<\/strong><\/p>\n<p style=\"text-align: center;\"><strong>\u00a0<\/strong><\/p>\n<p style=\"text-align: center;\"><strong>2\u00aa SESS\u00c3O \u2013 \u00c0S 13:00 HS.<\/strong><\/p>\n<p style=\"text-align: center;\"><strong>\u00a0<\/strong><\/p>\n<p style=\"text-align: center;\"><strong>RECURSO:<\/strong><\/p>\n<p style=\"text-align: center;\"><strong>\u00a0<\/strong><\/p>\n<p style=\"text-align: center;\">030\/015376\/2018 \u2013 CLINICA DE HEMOTERAPIA LTDA<\/p>\n<p style=\"text-align: center;\">CONSELHEIRO\/RELATOR: SR\u00ba. ALCIDIO HAYDT<\/p>\n<p style=\"text-align: center;\">030\/027954\/2017 \u2013 CONDOM\u00cdNIO DO EDIF\u00cdCIO BAY OFFICE<\/p>\n<p style=\"text-align: center;\">CONSELHEIRO\/RELATOR: SR\u00ba. AMAURI LUIZ<\/p>\n<p style=\"text-align: center;\"><strong>\u00a0<\/strong><\/p>\n<p style=\"text-align: center;\">030\/021763\/2017- EPASA SERVI\u00c7OS T\u00c9CNICOS LTDA<\/p>\n<p style=\"text-align: center;\">030\/021765\/2017- EPASA SERVI\u00c7OS T\u00c9CNICOS LTDA<\/p>\n<p style=\"text-align: center;\">030\/021767\/2017- EPASA SERVI\u00c7OS T\u00c9CNICOS LTDA<\/p>\n<p style=\"text-align: center;\">CONSELHEIRO\/RELATOR: SR\u00ba. MANOEL ALVES<\/p>\n<p style=\"text-align: center;\">FCCN, em 09 de Novembro de 2018<\/p>\n<p style=\"text-align: center;\">SECRETARIA<\/p>\n<p>&nbsp;<\/p>\n","protected":false},"excerpt":{"rendered":"<p>PREFEITURA MUNICIPAL DE NITER\u00d3I CONSELHO DE CONTRIBUINTES &#8211; FCCN \u00a0\u00a0\u00a0 PAUTA DE JULGAMENTO &#8211; SESS\u00c3O QUE SE REALIZAR\u00c1 EM 12 DE NOVEMBRO DE 2018 \u00c0S 10:00 HORAS &#8211; (Art. 72 [&hellip;]<\/p>\n","protected":false},"author":4,"featured_media":4285,"comment_status":"closed","ping_status":"closed","sticky":false,"template":"","format":"standard","meta":{"_et_pb_use_builder":"","_et_pb_old_content":"","_et_gb_content_width":"","_usar_header_alternativo":false,"footnotes":""},"categories":[131],"tags":[],"class_list":["post-6698","post","type-post","status-publish","format-standard","has-post-thumbnail","hentry","category-acordaos","et-has-post-format-content","et_post_format-et-post-format-standard"],"_links":{"self":[{"href":"https:\/\/www.fazenda.niteroi.rj.gov.br\/site\/wp-json\/wp\/v2\/posts\/6698","targetHints":{"allow":["GET"]}}],"collection":[{"href":"https:\/\/www.fazenda.niteroi.rj.gov.br\/site\/wp-json\/wp\/v2\/posts"}],"about":[{"href":"https:\/\/www.fazenda.niteroi.rj.gov.br\/site\/wp-json\/wp\/v2\/types\/post"}],"author":[{"embeddable":true,"href":"https:\/\/www.fazenda.niteroi.rj.gov.br\/site\/wp-json\/wp\/v2\/users\/4"}],"replies":[{"embeddable":true,"href":"https:\/\/www.fazenda.niteroi.rj.gov.br\/site\/wp-json\/wp\/v2\/comments?post=6698"}],"version-history":[{"count":0,"href":"https:\/\/www.fazenda.niteroi.rj.gov.br\/site\/wp-json\/wp\/v2\/posts\/6698\/revisions"}],"wp:featuredmedia":[{"embeddable":true,"href":"https:\/\/www.fazenda.niteroi.rj.gov.br\/site\/wp-json\/wp\/v2\/media\/4285"}],"wp:attachment":[{"href":"https:\/\/www.fazenda.niteroi.rj.gov.br\/site\/wp-json\/wp\/v2\/media?parent=6698"}],"wp:term":[{"taxonomy":"category","embeddable":true,"href":"https:\/\/www.fazenda.niteroi.rj.gov.br\/site\/wp-json\/wp\/v2\/categories?post=6698"},{"taxonomy":"post_tag","embeddable":true,"href":"https:\/\/www.fazenda.niteroi.rj.gov.br\/site\/wp-json\/wp\/v2\/tags?post=6698"}],"curies":[{"name":"wp","href":"https:\/\/api.w.org\/{rel}","templated":true}]}}