{"id":6733,"date":"2018-11-26T16:57:47","date_gmt":"2018-11-26T18:57:47","guid":{"rendered":"http:\/\/fazenda.niteroi.rj.gov.br\/site\/?p=6733"},"modified":"2018-11-26T16:58:38","modified_gmt":"2018-11-26T18:58:38","slug":"pauta-de-julgamento-para-o-dia-27-de-novembro-de-2018","status":"publish","type":"post","link":"https:\/\/www.fazenda.niteroi.rj.gov.br\/site\/pauta-de-julgamento-para-o-dia-27-de-novembro-de-2018\/","title":{"rendered":"Pauta de Julgamento para o dia 27 de Novembro de 2018."},"content":{"rendered":"<p><a href=\"http:\/\/fazenda.niteroi.rj.gov.br\/site\/wp-content\/uploads\/2016\/07\/Destaque-1200x720-Geral-logo.jpg\"><img loading=\"lazy\" decoding=\"async\" class=\"wp-image-911 aligncenter\" src=\"http:\/\/fazenda.niteroi.rj.gov.br\/site\/wp-content\/uploads\/2016\/07\/Destaque-1200x720-Geral-logo-400x240.jpg\" alt=\"Logotipo da Secretaria da Fazenda de Niter\u00f3i\" width=\"283\" height=\"170\" srcset=\"https:\/\/www.fazenda.niteroi.rj.gov.br\/site\/wp-content\/uploads\/2016\/07\/Destaque-1200x720-Geral-logo-400x240.jpg 400w, https:\/\/www.fazenda.niteroi.rj.gov.br\/site\/wp-content\/uploads\/2016\/07\/Destaque-1200x720-Geral-logo-768x461.jpg 768w, https:\/\/www.fazenda.niteroi.rj.gov.br\/site\/wp-content\/uploads\/2016\/07\/Destaque-1200x720-Geral-logo-600x360.jpg 600w, https:\/\/www.fazenda.niteroi.rj.gov.br\/site\/wp-content\/uploads\/2016\/07\/Destaque-1200x720-Geral-logo-1080x648.jpg 1080w, https:\/\/www.fazenda.niteroi.rj.gov.br\/site\/wp-content\/uploads\/2016\/07\/Destaque-1200x720-Geral-logo-627x376.jpg 627w, https:\/\/www.fazenda.niteroi.rj.gov.br\/site\/wp-content\/uploads\/2016\/07\/Destaque-1200x720-Geral-logo-440x264.jpg 440w, https:\/\/www.fazenda.niteroi.rj.gov.br\/site\/wp-content\/uploads\/2016\/07\/Destaque-1200x720-Geral-logo.jpg 1200w\" sizes=\"auto, (max-width: 283px) 100vw, 283px\" \/><\/a><\/p>\n<p>&nbsp;<\/p>\n<p style=\"text-align: center;\"><strong>PREFEITURA MUNIC<\/strong><strong>IPAL DE NITER\u00d3I<\/strong><\/p>\n<p style=\"text-align: center;\"><strong><u>CONSELHO DE CONTRIBUINTES &#8211; FCCN<\/u><\/strong><\/p>\n<p style=\"text-align: center;\">\u00a0\u00a0\u00a0 <strong>PAUTA DE JULGAMENTO &#8211; SESS\u00c3O QUE SE REALIZAR\u00c1 EM 27 DE NOVEMBRO DE 2018 \u00c0S 10:00 HORAS &#8211; (Art. 72 do Dec. 9735\/05 \u2013 Regimento Interno do FCCN).<\/strong><\/p>\n<p style=\"text-align: center;\"><strong>\u00a0<\/strong><\/p>\n<p style=\"text-align: center;\"><strong>\u00a0<\/strong><strong>SESS\u00c3O \u2013 \u00c0S 10:00 HS.<\/strong><\/p>\n<p style=\"text-align: center;\"><strong>\u00a0<\/strong><\/p>\n<p style=\"text-align: center;\"><strong>RECURSOS:<\/strong><\/p>\n<ol style=\"text-align: center;\">\n<li><strong>030\/013467\/2018 \u2013 SR. LEANDRO PACHECO DE SOUZA<\/strong><\/li>\n<\/ol>\n<p style=\"text-align: center;\">CONSELHEIRO\/RELATOR: &#8211; SR. C\u00c9LIO DE MORAES<\/p>\n<p>&nbsp;<\/p>\n<ol style=\"text-align: center;\" start=\"2\">\n<li><strong>030\/006249\/2018 \u2013 SRA. VERA DIDRIKSSON<\/strong><\/li>\n<\/ol>\n<p style=\"text-align: center;\">CONSELHEIRO\/RELATOR: &#8211; SR. CARLOS MAURO NAYLOR<\/p>\n<p>&nbsp;<\/p>\n<ol style=\"text-align: center;\" start=\"3\">\n<li><strong>030\/006485\/2017 \u2013 MNL ASSESSORIA ADMINISTRATIVA EMPRESARIAL<\/strong><\/li>\n<\/ol>\n<p style=\"text-align: center;\">CONSELHEIRO\/RELATOR: &#8211; SR. ALC\u00cdDIO HAYDT SOUZA<\/p>\n<p style=\"text-align: center;\">1\u00aa VISTA CONSELHEIRO SR. CARLOS MAURO NAYLOR<\/p>\n<p style=\"text-align: center;\">2\u00aa VISTA CONSELHEIRO DR. EDUARDO SOBRAL TAVARES<\/p>\n<p>&nbsp;<\/p>\n<ol style=\"text-align: center;\" start=\"4\">\n<li><strong>030\/002555\/2018 \u2013 SR. MAURO ROG\u00c9RIO MAGALH\u00c3ES SEVERINO<\/strong><\/li>\n<\/ol>\n<p style=\"text-align: center;\">CONSELHEIRO\/ RELATOR: &#8211; SR. CARLOS MAURO NAYLOR<\/p>\n<p style=\"text-align: center;\">CONSELHEIRO\/REVISOR: &#8211; SR. MARCIO MATEUS MACEDO<\/p>\n<p>&nbsp;<\/p>\n<p style=\"text-align: center;\"><strong>FCCN, em 26 de Novembro de 2018<\/strong><\/p>\n<p>&nbsp;<\/p>\n","protected":false},"excerpt":{"rendered":"<p>&nbsp; PREFEITURA MUNICIPAL DE NITER\u00d3I CONSELHO DE CONTRIBUINTES &#8211; FCCN \u00a0\u00a0\u00a0 PAUTA DE JULGAMENTO &#8211; SESS\u00c3O QUE SE REALIZAR\u00c1 EM 27 DE NOVEMBRO DE 2018 \u00c0S 10:00 HORAS &#8211; (Art. [&hellip;]<\/p>\n","protected":false},"author":4,"featured_media":911,"comment_status":"closed","ping_status":"closed","sticky":false,"template":"","format":"standard","meta":{"_et_pb_use_builder":"","_et_pb_old_content":"","_et_gb_content_width":"","_usar_header_alternativo":false,"footnotes":""},"categories":[132],"tags":[],"class_list":["post-6733","post","type-post","status-publish","format-standard","has-post-thumbnail","hentry","category-pautas","et-has-post-format-content","et_post_format-et-post-format-standard"],"_links":{"self":[{"href":"https:\/\/www.fazenda.niteroi.rj.gov.br\/site\/wp-json\/wp\/v2\/posts\/6733","targetHints":{"allow":["GET"]}}],"collection":[{"href":"https:\/\/www.fazenda.niteroi.rj.gov.br\/site\/wp-json\/wp\/v2\/posts"}],"about":[{"href":"https:\/\/www.fazenda.niteroi.rj.gov.br\/site\/wp-json\/wp\/v2\/types\/post"}],"author":[{"embeddable":true,"href":"https:\/\/www.fazenda.niteroi.rj.gov.br\/site\/wp-json\/wp\/v2\/users\/4"}],"replies":[{"embeddable":true,"href":"https:\/\/www.fazenda.niteroi.rj.gov.br\/site\/wp-json\/wp\/v2\/comments?post=6733"}],"version-history":[{"count":0,"href":"https:\/\/www.fazenda.niteroi.rj.gov.br\/site\/wp-json\/wp\/v2\/posts\/6733\/revisions"}],"wp:featuredmedia":[{"embeddable":true,"href":"https:\/\/www.fazenda.niteroi.rj.gov.br\/site\/wp-json\/wp\/v2\/media\/911"}],"wp:attachment":[{"href":"https:\/\/www.fazenda.niteroi.rj.gov.br\/site\/wp-json\/wp\/v2\/media?parent=6733"}],"wp:term":[{"taxonomy":"category","embeddable":true,"href":"https:\/\/www.fazenda.niteroi.rj.gov.br\/site\/wp-json\/wp\/v2\/categories?post=6733"},{"taxonomy":"post_tag","embeddable":true,"href":"https:\/\/www.fazenda.niteroi.rj.gov.br\/site\/wp-json\/wp\/v2\/tags?post=6733"}],"curies":[{"name":"wp","href":"https:\/\/api.w.org\/{rel}","templated":true}]}}