{"id":7112,"date":"2019-01-23T16:43:49","date_gmt":"2019-01-23T18:43:49","guid":{"rendered":"http:\/\/fazenda.niteroi.rj.gov.br\/site\/?p=7112"},"modified":"2019-01-23T16:43:53","modified_gmt":"2019-01-23T18:43:53","slug":"pauta-de-julgamento-para-o-dia-24-de-janeiro-de-2019","status":"publish","type":"post","link":"https:\/\/www.fazenda.niteroi.rj.gov.br\/site\/pauta-de-julgamento-para-o-dia-24-de-janeiro-de-2019\/","title":{"rendered":"Pauta de julgamento para o dia 24 de janeiro de 2019."},"content":{"rendered":"\n<div class=\"wp-block-image\"><figure class=\"aligncenter is-resized\"><img loading=\"lazy\" decoding=\"async\" src=\"http:\/\/fazenda.niteroi.rj.gov.br\/site\/wp-content\/uploads\/2018\/12\/1200px-Brasao_de_Niteroi_RJ.svg_-484x600.png\" alt=\"\" class=\"wp-image-6777\" width=\"121\" height=\"150\" srcset=\"https:\/\/www.fazenda.niteroi.rj.gov.br\/site\/wp-content\/uploads\/2018\/12\/1200px-Brasao_de_Niteroi_RJ.svg_-484x600.png 484w, https:\/\/www.fazenda.niteroi.rj.gov.br\/site\/wp-content\/uploads\/2018\/12\/1200px-Brasao_de_Niteroi_RJ.svg_-e1547579393721-121x150.png 121w, https:\/\/www.fazenda.niteroi.rj.gov.br\/site\/wp-content\/uploads\/2018\/12\/1200px-Brasao_de_Niteroi_RJ.svg_-242x300.png 242w, https:\/\/www.fazenda.niteroi.rj.gov.br\/site\/wp-content\/uploads\/2018\/12\/1200px-Brasao_de_Niteroi_RJ.svg_-768x952.png 768w, https:\/\/www.fazenda.niteroi.rj.gov.br\/site\/wp-content\/uploads\/2018\/12\/1200px-Brasao_de_Niteroi_RJ.svg_-1080x1339.png 1080w, https:\/\/www.fazenda.niteroi.rj.gov.br\/site\/wp-content\/uploads\/2018\/12\/1200px-Brasao_de_Niteroi_RJ.svg_.png 1200w\" sizes=\"auto, (max-width: 121px) 100vw, 121px\" \/><\/figure><\/div>\n\n\n\n<p style=\"text-align:center\"><strong>PREFEITURA\nMUNICIPAL DE NITER\u00d3I<\/strong><\/p>\n\n\n\n<p style=\"text-align:center\"><strong>CONSELHO DE CONTRIBUINTES &#8211; FCCN<\/strong><\/p>\n\n\n\n<p style=\"text-align:center\">&nbsp;&nbsp;&nbsp; <strong>PAUTA DE JULGAMENTO\n&#8211; SESS\u00c3O QUE SE REALIZAR\u00c1 EM 24 DE JANEIRO DE 2019 &#8211; (Art. 72 do Dec. 9735\/05 \u2013\nRegimento Interno do FCCN).<\/strong><\/p>\n\n\n\n<p style=\"text-align:center\"><strong>SESS\u00c3O\n\u2013 \u00c0S 10:00 HORAS.<\/strong><\/p>\n\n\n\n<p style=\"text-align:center\">030\/012501\/17 \u2013 ESTALEIRO BRASAS LTDA<\/p>\n\n\n\n<p style=\"text-align:center\">030\/012502\/17 \u2013 ESTALEIRO BRASAS LTDA<\/p>\n\n\n\n<p style=\"text-align:center\">RELATOR: SR. PAULINO GON\u00c7ALVES MOREIRA\nLEEITE FILHO<\/p>\n\n\n\n<p style=\"text-align:center\">REVISOR: SR. CARLOS MAURO NAYLOR<\/p>\n\n\n\n<p style=\"text-align:center\">SUSTENTA\u00c7\u00c3O ORAL: &#8211; DR. ANDR\u00c9 DE SOUZA\nCARVALHO<\/p>\n\n\n\n<p style=\"text-align:center\"><strong>SESS\u00c3O\n\u00c0S 13:00 HORAS <\/strong><\/p>\n\n\n\n<p style=\"text-align:center\">030\/017167\/18 \u2013 SR. CARLOS HENRIQUE PORTO\nIOCKEN<\/p>\n\n\n\n<p style=\"text-align:center\">030\/017282\/18 \u2013 SRA. CRISTINA MARIA VELLOZO\nD. WEICHERT<\/p>\n\n\n\n<p style=\"text-align:center\">030\/017145\/18 \u2013 SR. ALEXANDRE HENRIQUE DE\nARAUJO SOUZA<\/p>\n\n\n\n<p style=\"text-align:center\">030\/017394\/18 \u2013 INETE MARIA DE SOUZA<\/p>\n\n\n\n<p style=\"text-align:center\">RELATOR: SR. MANOEL ALVES JUNIOR<\/p>\n\n\n\n<p style=\"text-align:center\">&nbsp;&nbsp;&nbsp;&nbsp;&nbsp;&nbsp;&nbsp;&nbsp;&nbsp;&nbsp;&nbsp;&nbsp;&nbsp;&nbsp;&nbsp;&nbsp;&nbsp;&nbsp;&nbsp;&nbsp; FCCN, em 22 de janeiro de\n2019 <\/p>\n","protected":false},"excerpt":{"rendered":"<p>PREFEITURA MUNICIPAL DE NITER\u00d3I CONSELHO DE CONTRIBUINTES &#8211; FCCN &nbsp;&nbsp;&nbsp; PAUTA DE JULGAMENTO &#8211; SESS\u00c3O QUE SE REALIZAR\u00c1 EM 24 DE JANEIRO DE 2019 &#8211; (Art. 72 do Dec. 9735\/05 [&hellip;]<\/p>\n","protected":false},"author":4,"featured_media":911,"comment_status":"closed","ping_status":"closed","sticky":false,"template":"","format":"standard","meta":{"_et_pb_use_builder":"off","_et_pb_old_content":"","_et_gb_content_width":"","_usar_header_alternativo":false,"footnotes":""},"categories":[116],"tags":[],"class_list":["post-7112","post","type-post","status-publish","format-standard","has-post-thumbnail","hentry","category-rascunhos","et-has-post-format-content","et_post_format-et-post-format-standard"],"_links":{"self":[{"href":"https:\/\/www.fazenda.niteroi.rj.gov.br\/site\/wp-json\/wp\/v2\/posts\/7112","targetHints":{"allow":["GET"]}}],"collection":[{"href":"https:\/\/www.fazenda.niteroi.rj.gov.br\/site\/wp-json\/wp\/v2\/posts"}],"about":[{"href":"https:\/\/www.fazenda.niteroi.rj.gov.br\/site\/wp-json\/wp\/v2\/types\/post"}],"author":[{"embeddable":true,"href":"https:\/\/www.fazenda.niteroi.rj.gov.br\/site\/wp-json\/wp\/v2\/users\/4"}],"replies":[{"embeddable":true,"href":"https:\/\/www.fazenda.niteroi.rj.gov.br\/site\/wp-json\/wp\/v2\/comments?post=7112"}],"version-history":[{"count":0,"href":"https:\/\/www.fazenda.niteroi.rj.gov.br\/site\/wp-json\/wp\/v2\/posts\/7112\/revisions"}],"wp:featuredmedia":[{"embeddable":true,"href":"https:\/\/www.fazenda.niteroi.rj.gov.br\/site\/wp-json\/wp\/v2\/media\/911"}],"wp:attachment":[{"href":"https:\/\/www.fazenda.niteroi.rj.gov.br\/site\/wp-json\/wp\/v2\/media?parent=7112"}],"wp:term":[{"taxonomy":"category","embeddable":true,"href":"https:\/\/www.fazenda.niteroi.rj.gov.br\/site\/wp-json\/wp\/v2\/categories?post=7112"},{"taxonomy":"post_tag","embeddable":true,"href":"https:\/\/www.fazenda.niteroi.rj.gov.br\/site\/wp-json\/wp\/v2\/tags?post=7112"}],"curies":[{"name":"wp","href":"https:\/\/api.w.org\/{rel}","templated":true}]}}