{"id":7133,"date":"2019-02-06T16:17:30","date_gmt":"2019-02-06T18:17:30","guid":{"rendered":"http:\/\/fazenda.niteroi.rj.gov.br\/site\/?p=7133"},"modified":"2019-02-11T15:23:42","modified_gmt":"2019-02-11T17:23:42","slug":"pauta-de-julgamento-para-o-dia-07-de-fevereiro-de-2019","status":"publish","type":"post","link":"https:\/\/www.fazenda.niteroi.rj.gov.br\/site\/pauta-de-julgamento-para-o-dia-07-de-fevereiro-de-2019\/","title":{"rendered":"Pauta de Julgamento para o dia 12 de fevereiro de 2019."},"content":{"rendered":"\n<div class=\"wp-block-image\"><figure class=\"aligncenter is-resized\"><img loading=\"lazy\" decoding=\"async\" src=\"https:\/\/upload.wikimedia.org\/wikipedia\/commons\/4\/4e\/Bras%C3%A3o_de_Niter%C3%B3i%2C_RJ.svg\" alt=\"\" width=\"115\" height=\"143\"\/><\/figure><\/div>\n\n\n\n<p style=\"text-align:center\"><strong>PREFEITURA\nMUNICIPAL DE NITER\u00d3I<\/strong><\/p>\n\n\n\n<p style=\"text-align:center\"><strong>CONSELHO DE CONTRIBUINTES &#8211; FCCN<\/strong><\/p>\n\n\n\n<p style=\"text-align:center\">&nbsp;&nbsp;&nbsp; <strong>PAUTA DE JULGAMENTO\n&#8211; SESS\u00c3O QUE SE REALIZAR\u00c1 EM 07 DE FEVEREIRO DE 2019 &#8211; (Art. 72 do Dec. 9735\/05\n\u2013 Regimento Interno do FCCN).<\/strong><\/p>\n\n\n\n<p style=\"text-align:center\"><strong>SESS\u00c3O\n\u2013 \u00c0S 10:00 HORAS.<\/strong><\/p>\n\n\n\n<p style=\"text-align:center\">030\/011818\/2018 \u2013 SR. GERALDO HENRIQUE\nMAURICIO E S\/M<\/p>\n\n\n\n<p style=\"text-align:center\">030\/011700\/2018 \u2013 SR. S\u00c9RGIO NAOUM COROA<\/p>\n\n\n\n<p style=\"text-align:center\">030\/009659\/2018 \u2013 SRA. LUCIMERE MARINHO\nJARDIM<\/p>\n\n\n\n<p style=\"text-align:center\">030\/011870\/2018 \u2013 SR. ANTONIO PAULO ALVES\nGOMES<\/p>\n\n\n\n<p style=\"text-align:center\">CONSELHEIRO\/RELATOR: &#8211; ROBERTO PEDREIRA F.\nCURI<\/p>\n\n\n\n<p style=\"text-align:center\"><strong>SESS\u00c3O\n\u2013 \u00c0S 13:00 HORAS<\/strong><\/p>\n\n\n\n<p style=\"text-align:center\">030\/009487\/2018 \u2013 RAFAEL MACHON BARROS<\/p>\n\n\n\n<p style=\"text-align:center\">030\/009209\/2018 \u2013 ROG\u00c9RIA ALBUQUERQUE C. DE\nABREU<\/p>\n\n\n\n<p style=\"text-align:center\">030\/005981\/2018 \u2013 MARCELO MENDES DE AZEVEDO<\/p>\n\n\n\n<p style=\"text-align:center\">030\/005223\/2018 \u2013 ANA DE F\u00c1TIMA NEVES<\/p>\n\n\n\n<p style=\"text-align:center\">CONSELHEIRO\/RELATOR: &#8211; AMAURI LUIZ DE\nAZEVEDO<\/p>\n\n\n\n<p style=\"text-align:center\">\u00a0\u00a0\u00a0\u00a0\u00a0\u00a0\u00a0\u00a0\u00a0\u00a0\u00a0\u00a0\u00a0\u00a0\u00a0\u00a0\u00a0\u00a0 FCCN, em 11 de fevereiro de 2019 <\/p>\n","protected":false},"excerpt":{"rendered":"<p>PREFEITURA MUNICIPAL DE NITER\u00d3I CONSELHO DE CONTRIBUINTES &#8211; FCCN &nbsp;&nbsp;&nbsp; PAUTA DE JULGAMENTO &#8211; SESS\u00c3O QUE SE REALIZAR\u00c1 EM 07 DE FEVEREIRO DE 2019 &#8211; (Art. 72 do Dec. 9735\/05 [&hellip;]<\/p>\n","protected":false},"author":4,"featured_media":911,"comment_status":"closed","ping_status":"closed","sticky":false,"template":"","format":"standard","meta":{"_et_pb_use_builder":"off","_et_pb_old_content":"","_et_gb_content_width":"","_usar_header_alternativo":false,"footnotes":""},"categories":[132],"tags":[],"class_list":["post-7133","post","type-post","status-publish","format-standard","has-post-thumbnail","hentry","category-pautas","et-has-post-format-content","et_post_format-et-post-format-standard"],"_links":{"self":[{"href":"https:\/\/www.fazenda.niteroi.rj.gov.br\/site\/wp-json\/wp\/v2\/posts\/7133","targetHints":{"allow":["GET"]}}],"collection":[{"href":"https:\/\/www.fazenda.niteroi.rj.gov.br\/site\/wp-json\/wp\/v2\/posts"}],"about":[{"href":"https:\/\/www.fazenda.niteroi.rj.gov.br\/site\/wp-json\/wp\/v2\/types\/post"}],"author":[{"embeddable":true,"href":"https:\/\/www.fazenda.niteroi.rj.gov.br\/site\/wp-json\/wp\/v2\/users\/4"}],"replies":[{"embeddable":true,"href":"https:\/\/www.fazenda.niteroi.rj.gov.br\/site\/wp-json\/wp\/v2\/comments?post=7133"}],"version-history":[{"count":0,"href":"https:\/\/www.fazenda.niteroi.rj.gov.br\/site\/wp-json\/wp\/v2\/posts\/7133\/revisions"}],"wp:featuredmedia":[{"embeddable":true,"href":"https:\/\/www.fazenda.niteroi.rj.gov.br\/site\/wp-json\/wp\/v2\/media\/911"}],"wp:attachment":[{"href":"https:\/\/www.fazenda.niteroi.rj.gov.br\/site\/wp-json\/wp\/v2\/media?parent=7133"}],"wp:term":[{"taxonomy":"category","embeddable":true,"href":"https:\/\/www.fazenda.niteroi.rj.gov.br\/site\/wp-json\/wp\/v2\/categories?post=7133"},{"taxonomy":"post_tag","embeddable":true,"href":"https:\/\/www.fazenda.niteroi.rj.gov.br\/site\/wp-json\/wp\/v2\/tags?post=7133"}],"curies":[{"name":"wp","href":"https:\/\/api.w.org\/{rel}","templated":true}]}}