{"id":7334,"date":"2019-03-21T16:50:59","date_gmt":"2019-03-21T19:50:59","guid":{"rendered":"http:\/\/fazenda.niteroi.rj.gov.br\/site\/?p=7334"},"modified":"2019-05-10T12:12:50","modified_gmt":"2019-05-10T15:12:50","slug":"giovanna-victer-assume-secretaria-da-fazenda-de-niteroi","status":"publish","type":"post","link":"https:\/\/www.fazenda.niteroi.rj.gov.br\/site\/giovanna-victer-assume-secretaria-da-fazenda-de-niteroi\/","title":{"rendered":"Giovanna Victer assume Secretaria da Fazenda de Niter\u00f3i"},"content":{"rendered":"\n<p>A Mestre em Pol\u00edticas Sociais Giovanna Victer \u00e9 a nova Secret\u00e1ria Municipal de Fazenda de Niter\u00f3i. Ela substitui Pablo Villarim, \u00e0 frente da pasta desde 2017. A cerim\u00f4nia de posse, realizada nesta quinta-feira (21) no Audit\u00f3rio do Pal\u00e1cio Arariboia, contou com a presen\u00e7a do prefeito Rodrigo Neves, do Procurador Geral do Munic\u00edpio Carlos Raposo, entre outras autoridades.<br><br> \u201cTemos tr\u00eas grandes processos na Fazenda: arrecadar tributos, gerir esses recursos e fazer a contabilidade, que d\u00e1 visibilidade para todo o procedimento. Vamos aperfei\u00e7oar cada vez mais esses tr\u00eas processos, estreitar a rela\u00e7\u00e3o com a sociedade e fornecer todos os servi\u00e7os e informa\u00e7\u00f5es para a popula\u00e7\u00e3o com qualidade\u201d, afirmou Giovanna.<br><br> Villarim, que respondia pela Secretaria de Fazenda, aceitou o convite do Governo do Estado do Paran\u00e1 onde ser\u00e1 secret\u00e1rio adjunto de Fazenda. Emocionado, ele agradeceu toda a equipe da Secretaria de Fazenda e a confian\u00e7a do prefeito.<br><br> \u201cTenho orgulho de ter servido a um governo vision\u00e1rio e corajoso, com a lideran\u00e7a diferenciada do prefeito Rodrigo Neves que fez de Niter\u00f3i um exemplo nacional. Tivemos que tomar a\u00e7\u00f5es dif\u00edceis no momento de maior crise econ\u00f4mica no Estado do Rio e no Pa\u00eds para fortalecer a gest\u00e3o fiscal de Niter\u00f3i. Fizemos nestes dois anos uma gest\u00e3o p\u00fablica comprometida em conquistar o melhor para Niter\u00f3i. Agrade\u00e7o a confian\u00e7a do prefeito e dos valorosos servidores da Fazenda\u201d, disse Villarim.<br><br> Giovanna Victer deixa a Secretaria de Planejamento, Or\u00e7amento e Moderniza\u00e7\u00e3o da Gest\u00e3o no Munic\u00edpio de Niter\u00f3i, onde exerceu o cargo de Secret\u00e1ria da pasta desde 2015. <br><br><strong> Sobre Giovanna Victer <\/strong><br><br> Mestre em Pol\u00edticas Sociais e Planejamento pela renomada Escola de Economia de Londres (London School of Economics). Integra a carreira de Especialista em Pol\u00edticas P\u00fablicas e Gest\u00e3o Governamental do Governo Federal. Atuou na Secretaria-Executiva do Minist\u00e9rio das Cidades na implanta\u00e7\u00e3o do Programa de Acelera\u00e7\u00e3o do Crescimento e Programa Minha Casa Minha Vida. Foi respons\u00e1vel pelo planejamento t\u00e9cnico da repactua\u00e7\u00e3o do Programa de Moderniza\u00e7\u00e3o do Poder Executivo Federal no \u00e2mbito do Minist\u00e9rio do Planejamento. Possui vasta experi\u00eancia de gest\u00e3o no setor privado, onde atuou como Coordenadora de Desenvolvimento Social da Companhia Vale do Rio Doce e Analista de Pol\u00edticas e Ind\u00fastria da Confedera\u00e7\u00e3o Nacional da Ind\u00fastria. <\/p>\n\n\n\n<div class=\"wp-block-image\"><figure class=\"aligncenter\"><img loading=\"lazy\" decoding=\"async\" width=\"600\" height=\"400\" src=\"http:\/\/fazenda.niteroi.rj.gov.br\/site\/wp-content\/uploads\/2019\/03\/IMG_9660-600x400.jpg\" alt=\"\" class=\"wp-image-7339\" srcset=\"https:\/\/www.fazenda.niteroi.rj.gov.br\/site\/wp-content\/uploads\/2019\/03\/IMG_9660-600x400.jpg 600w, https:\/\/www.fazenda.niteroi.rj.gov.br\/site\/wp-content\/uploads\/2019\/03\/IMG_9660-400x267.jpg 400w, https:\/\/www.fazenda.niteroi.rj.gov.br\/site\/wp-content\/uploads\/2019\/03\/IMG_9660-768x512.jpg 768w, https:\/\/www.fazenda.niteroi.rj.gov.br\/site\/wp-content\/uploads\/2019\/03\/IMG_9660-1080x720.jpg 1080w, https:\/\/www.fazenda.niteroi.rj.gov.br\/site\/wp-content\/uploads\/2019\/03\/IMG_9660.jpg 1620w\" sizes=\"auto, (max-width: 600px) 100vw, 600px\" \/><figcaption>Da esquerda para a direita, na primeira fila: Procurador Geral do Munic\u00edpio Carlos Raposo, Pablo Villarim, Prefeito Rodrigo Neves, Secret\u00e1ria de Fazenda Giovanna Victer, Procurador Carlos Lima. Da esquerda para a direita, na segunda fila: Secret\u00e1rio Executivo Axel Grael, Secret\u00e1rio de Administra\u00e7\u00e3o Fabiano Gon\u00e7alves, Presidente da Niter\u00f3i Prev Moacir Linhares, Subsecret\u00e1rio de Finan\u00e7as Michael Pomim, e Subsecret\u00e1rio de Receita Nylfson Borges.<\/figcaption><\/figure><\/div>\n","protected":false},"excerpt":{"rendered":"<p>A Mestre em Pol\u00edticas Sociais Giovanna Victer \u00e9 a nova Secret\u00e1ria Municipal de Fazenda de Niter\u00f3i. Ela substitui Pablo Villarim, \u00e0 frente da pasta desde 2017. A cerim\u00f4nia de posse, [&hellip;]<\/p>\n","protected":false},"author":3,"featured_media":7339,"comment_status":"closed","ping_status":"closed","sticky":false,"template":"","format":"standard","meta":{"_et_pb_use_builder":"off","_et_pb_old_content":"","_et_gb_content_width":"","_usar_header_alternativo":false,"footnotes":""},"categories":[10],"tags":[],"class_list":["post-7334","post","type-post","status-publish","format-standard","has-post-thumbnail","hentry","category-noticias","et-has-post-format-content","et_post_format-et-post-format-standard"],"_links":{"self":[{"href":"https:\/\/www.fazenda.niteroi.rj.gov.br\/site\/wp-json\/wp\/v2\/posts\/7334","targetHints":{"allow":["GET"]}}],"collection":[{"href":"https:\/\/www.fazenda.niteroi.rj.gov.br\/site\/wp-json\/wp\/v2\/posts"}],"about":[{"href":"https:\/\/www.fazenda.niteroi.rj.gov.br\/site\/wp-json\/wp\/v2\/types\/post"}],"author":[{"embeddable":true,"href":"https:\/\/www.fazenda.niteroi.rj.gov.br\/site\/wp-json\/wp\/v2\/users\/3"}],"replies":[{"embeddable":true,"href":"https:\/\/www.fazenda.niteroi.rj.gov.br\/site\/wp-json\/wp\/v2\/comments?post=7334"}],"version-history":[{"count":0,"href":"https:\/\/www.fazenda.niteroi.rj.gov.br\/site\/wp-json\/wp\/v2\/posts\/7334\/revisions"}],"wp:featuredmedia":[{"embeddable":true,"href":"https:\/\/www.fazenda.niteroi.rj.gov.br\/site\/wp-json\/wp\/v2\/media\/7339"}],"wp:attachment":[{"href":"https:\/\/www.fazenda.niteroi.rj.gov.br\/site\/wp-json\/wp\/v2\/media?parent=7334"}],"wp:term":[{"taxonomy":"category","embeddable":true,"href":"https:\/\/www.fazenda.niteroi.rj.gov.br\/site\/wp-json\/wp\/v2\/categories?post=7334"},{"taxonomy":"post_tag","embeddable":true,"href":"https:\/\/www.fazenda.niteroi.rj.gov.br\/site\/wp-json\/wp\/v2\/tags?post=7334"}],"curies":[{"name":"wp","href":"https:\/\/api.w.org\/{rel}","templated":true}]}}