{"id":7383,"date":"2019-03-26T17:14:06","date_gmt":"2019-03-26T20:14:06","guid":{"rendered":"http:\/\/fazenda.niteroi.rj.gov.br\/site\/?p=7383"},"modified":"2020-04-10T20:53:48","modified_gmt":"2020-04-10T23:53:48","slug":"pauta-de-julgamento-para-o-dia-26-de-marco-de-2019","status":"publish","type":"post","link":"https:\/\/www.fazenda.niteroi.rj.gov.br\/site\/pauta-de-julgamento-para-o-dia-26-de-marco-de-2019\/","title":{"rendered":"Pauta de Julgamento para o dia 26 de Mar\u00e7o de 2019."},"content":{"rendered":"\n<div class=\"wp-block-image\"><figure class=\"aligncenter is-resized\"><img loading=\"lazy\" decoding=\"async\" src=\"http:\/\/fazenda.niteroi.rj.gov.br\/site\/wp-content\/uploads\/2019\/02\/1200px-Brasao_de_Niteroi_RJ.svg_-484x600.png\" alt=\"\" class=\"wp-image-7134\" width=\"150\" height=\"186\" srcset=\"https:\/\/www.fazenda.niteroi.rj.gov.br\/site\/wp-content\/uploads\/2019\/02\/1200px-Brasao_de_Niteroi_RJ.svg_-484x600.png 484w, https:\/\/www.fazenda.niteroi.rj.gov.br\/site\/wp-content\/uploads\/2019\/02\/1200px-Brasao_de_Niteroi_RJ.svg_-242x300.png 242w, https:\/\/www.fazenda.niteroi.rj.gov.br\/site\/wp-content\/uploads\/2019\/02\/1200px-Brasao_de_Niteroi_RJ.svg_-768x952.png 768w, https:\/\/www.fazenda.niteroi.rj.gov.br\/site\/wp-content\/uploads\/2019\/02\/1200px-Brasao_de_Niteroi_RJ.svg_-1080x1339.png 1080w, https:\/\/www.fazenda.niteroi.rj.gov.br\/site\/wp-content\/uploads\/2019\/02\/1200px-Brasao_de_Niteroi_RJ.svg_.png 1200w\" sizes=\"auto, (max-width: 150px) 100vw, 150px\" \/><\/figure><\/div>\n\n\n\n<p class=\"has-text-align-center\"><strong>PREFEITURA\nMUNICIPAL DE NITER\u00d3I<\/strong><\/p>\n\n\n\n<p class=\"has-text-align-center\"><strong>CONSELHO DE CONTRIBUINTES \u2013 FCCN<\/strong><\/p>\n\n\n\n<p class=\"has-text-align-center\"><strong>PAUTA\nDE JULGAMENTO &#8211; SESS\u00c3O QUE SE REALIZAR\u00c1 EM 28 DE MAR\u00c7O DE 2019 &#8211; (Art. 72 do\nDec. 9735\/05 \u2013 Regimento Interno do FCCN).<\/strong><\/p>\n\n\n\n<p class=\"has-text-align-center\"><strong><em>SESS\u00c3O \u2013 \u00c0S 10:00 HORAS.<\/em><\/strong><\/p>\n\n\n\n<p class=\"has-text-align-center\"><strong>&nbsp;&nbsp;&nbsp;&nbsp;&nbsp;&nbsp;&nbsp;&nbsp;&nbsp;&nbsp;&nbsp;&nbsp;&nbsp;&nbsp;&nbsp;&nbsp; 030\/027237\/17 \u2013 COND. CENTO\nCOMERCIAL CANCUN CENTER<\/strong><\/p>\n\n\n\n<p class=\"has-text-align-center\"><strong>&nbsp;&nbsp;&nbsp;&nbsp;&nbsp;&nbsp;&nbsp;&nbsp;&nbsp;&nbsp;&nbsp;&nbsp;&nbsp;&nbsp;&nbsp;&nbsp; 030\/027247\/17 \u2013 COND. DO\nEDIF\u00cdCIO CORDOBA<\/strong><\/p>\n\n\n\n<p class=\"has-text-align-center\"><strong> &nbsp;&nbsp;&nbsp;&nbsp;&nbsp;&nbsp;&nbsp;&nbsp;&nbsp;&nbsp;&nbsp;&nbsp;&nbsp;&nbsp;&nbsp; 030\/028136\/17 \u2013 COND. DO EDIF\u00cdCIO N.SENHRA APARECIDA CONCEI\u00c7\u00c3O<\/strong><\/p>\n\n\n\n<p class=\"has-text-align-center\"><strong>&nbsp;&nbsp;&nbsp;&nbsp;&nbsp;&nbsp;&nbsp;&nbsp;&nbsp;&nbsp;&nbsp;&nbsp;&nbsp;&nbsp;&nbsp;&nbsp; 030\/027966\/17 \u2013 COND. DO\nEDIFICIO VITAL PALCE MEDIC<\/strong><\/p>\n\n\n\n<p class=\"has-text-align-center\"><strong>&nbsp;&nbsp;&nbsp;&nbsp;&nbsp;&nbsp;&nbsp;&nbsp;&nbsp;&nbsp;&nbsp;&nbsp;&nbsp;&nbsp;&nbsp; &nbsp;RELATOR: &#8211; SR. MANOEL ALVES JUNIOR <\/strong><\/p>\n\n\n\n<p class=\"has-text-align-center\"><strong><em>SESS\u00c3O \u2013 \u00c0S 12:00 HORAS.<\/em><\/strong><\/p>\n\n\n\n<p class=\"has-text-align-center\"><strong>&nbsp;&nbsp;&nbsp;&nbsp;&nbsp;&nbsp;&nbsp;&nbsp;&nbsp;&nbsp;&nbsp;&nbsp;&nbsp;&nbsp;&nbsp;&nbsp; 030\/027870\/17\u2013 COND. DO EDIFICIO\nESPA\u00c7O VII E VIII<\/strong><\/p>\n\n\n\n<p class=\"has-text-align-center\"><strong>&nbsp;&nbsp;&nbsp;&nbsp;&nbsp;&nbsp;&nbsp;&nbsp;&nbsp;&nbsp;&nbsp;&nbsp;&nbsp;&nbsp;&nbsp;&nbsp; 030\/027890\/17 \u2013 COND. DO\nEDIF\u00cdCIO TAGUS II<\/strong><\/p>\n\n\n\n<p class=\"has-text-align-center\"><strong>&nbsp;&nbsp;&nbsp;&nbsp;&nbsp;&nbsp;&nbsp;&nbsp;&nbsp;&nbsp;&nbsp;&nbsp;&nbsp;&nbsp;&nbsp;&nbsp;&nbsp; RELATOR: &#8211; SR. MANOEL ALVES\nJUNIOR<\/strong><\/p>\n\n\n\n<p class=\"has-text-align-center\"><strong>&nbsp;&nbsp;&nbsp;&nbsp;&nbsp; &nbsp;&nbsp;&nbsp;&nbsp;&nbsp;&nbsp;&nbsp;&nbsp;&nbsp;&nbsp;&nbsp;030\/028080\/17 \u2013 COND. DO EDIF\u00cdCIO\nSAINT JAQUES E SAINT<\/strong><\/p>\n\n\n\n<p class=\"has-text-align-center\"><strong>&nbsp;&nbsp;&nbsp;&nbsp;&nbsp;&nbsp;&nbsp;&nbsp;&nbsp;&nbsp;&nbsp;&nbsp;&nbsp;&nbsp;&nbsp;&nbsp; RELATOR: &#8211; SR. CELIO DE MORAES\nMARQUES<\/strong><\/p>\n\n\n\n<p class=\"has-text-align-center\"><strong>&nbsp;&nbsp;&nbsp;&nbsp;&nbsp;&nbsp;&nbsp;&nbsp;&nbsp;&nbsp;&nbsp;&nbsp;&nbsp;&nbsp;&nbsp;&nbsp; 030\/026755\/17 \u2013 JORGE RAIMUNDO\nDAYER<\/strong><\/p>\n\n\n\n<p class=\"has-text-align-center\">&nbsp;&nbsp;&nbsp;&nbsp;&nbsp;&nbsp;&nbsp;&nbsp;&nbsp;&nbsp;&nbsp;&nbsp;&nbsp;&nbsp;&nbsp; <strong>CONSELHEIRO\/RELATOR: ROBERTO PEDREIRA FERREIRA CURI<\/strong>.<\/p>\n\n\n\n<p class=\"has-text-align-center\"><strong>FCCN\nEM 26 DE MAR\u00c7O DE 2019 <\/strong><\/p>\n","protected":false},"excerpt":{"rendered":"<p>PREFEITURA MUNICIPAL DE NITER\u00d3I CONSELHO DE CONTRIBUINTES \u2013 FCCN PAUTA DE JULGAMENTO &#8211; SESS\u00c3O QUE SE REALIZAR\u00c1 EM 28 DE MAR\u00c7O DE 2019 &#8211; (Art. 72 do Dec. 9735\/05 \u2013 [&hellip;]<\/p>\n","protected":false},"author":4,"featured_media":7134,"comment_status":"closed","ping_status":"closed","sticky":false,"template":"","format":"standard","meta":{"_et_pb_use_builder":"off","_et_pb_old_content":"","_et_gb_content_width":"","_usar_header_alternativo":false,"footnotes":""},"categories":[116],"tags":[],"class_list":["post-7383","post","type-post","status-publish","format-standard","has-post-thumbnail","hentry","category-rascunhos","et-has-post-format-content","et_post_format-et-post-format-standard"],"_links":{"self":[{"href":"https:\/\/www.fazenda.niteroi.rj.gov.br\/site\/wp-json\/wp\/v2\/posts\/7383","targetHints":{"allow":["GET"]}}],"collection":[{"href":"https:\/\/www.fazenda.niteroi.rj.gov.br\/site\/wp-json\/wp\/v2\/posts"}],"about":[{"href":"https:\/\/www.fazenda.niteroi.rj.gov.br\/site\/wp-json\/wp\/v2\/types\/post"}],"author":[{"embeddable":true,"href":"https:\/\/www.fazenda.niteroi.rj.gov.br\/site\/wp-json\/wp\/v2\/users\/4"}],"replies":[{"embeddable":true,"href":"https:\/\/www.fazenda.niteroi.rj.gov.br\/site\/wp-json\/wp\/v2\/comments?post=7383"}],"version-history":[{"count":0,"href":"https:\/\/www.fazenda.niteroi.rj.gov.br\/site\/wp-json\/wp\/v2\/posts\/7383\/revisions"}],"wp:featuredmedia":[{"embeddable":true,"href":"https:\/\/www.fazenda.niteroi.rj.gov.br\/site\/wp-json\/wp\/v2\/media\/7134"}],"wp:attachment":[{"href":"https:\/\/www.fazenda.niteroi.rj.gov.br\/site\/wp-json\/wp\/v2\/media?parent=7383"}],"wp:term":[{"taxonomy":"category","embeddable":true,"href":"https:\/\/www.fazenda.niteroi.rj.gov.br\/site\/wp-json\/wp\/v2\/categories?post=7383"},{"taxonomy":"post_tag","embeddable":true,"href":"https:\/\/www.fazenda.niteroi.rj.gov.br\/site\/wp-json\/wp\/v2\/tags?post=7383"}],"curies":[{"name":"wp","href":"https:\/\/api.w.org\/{rel}","templated":true}]}}