{"id":7385,"date":"2019-03-27T19:40:25","date_gmt":"2019-03-27T22:40:25","guid":{"rendered":"http:\/\/fazenda.niteroi.rj.gov.br\/site\/?p=7385"},"modified":"2019-03-28T11:29:36","modified_gmt":"2019-03-28T14:29:36","slug":"tce-rj-aprova-contas-da-prefeitura-de-niteroi-de-2017","status":"publish","type":"post","link":"https:\/\/www.fazenda.niteroi.rj.gov.br\/site\/tce-rj-aprova-contas-da-prefeitura-de-niteroi-de-2017\/","title":{"rendered":"TCE-RJ aprova contas da Prefeitura de Niter\u00f3i de 2017"},"content":{"rendered":"\n<p>O Tribunal de Contas do Estado do Rio de Janeiro (TCE-RJ) aprovou nesta quarta (27), por unanimidade, a presta\u00e7\u00e3o de contas da Prefeitura de Niter\u00f3i referente ao exerc\u00edcio financeiro de 2017. Os votos foram apresentados, durante sess\u00e3o plen\u00e1ria do TCE-RJ, pelo conselheiro substituto Christiano Lacerda Ghuerren e pela conselheira Marianna Montebello Willeman, respectivamente. O  processo seguir\u00e1 agora para a C\u00e2mara de Vereadores de Niter\u00f3i para o julgamento final.<\/p>\n\n\n\n<p>\u201cA aprova\u00e7\u00e3o das contas pelo Corpo Instrutivo e pelo Tribunal de Contas do Estado demonstra zelo e responsabilidade do governante com a gest\u00e3o dos recursos do Munic\u00edpio. Significa que estamos no caminho certo, \u00e9 um reconhecimento da boa gest\u00e3o fiscal e financeira que tem sido feita aqui\u201d, avaliou a Secret\u00e1ria Municipal de Fazenda Giovanna Victer.<\/p>\n\n\n\n<p><\/p>\n\n\n\n<p>Respons\u00e1vel pelas contas de Niter\u00f3i, o prefeito Rodrigo Neves investiu em Educa\u00e7\u00e3o 27,37% do total da receita resultante de impostos pr\u00f3prios e transfer\u00eancias e 18,80% em Sa\u00fade, acima dos m\u00ednimos de 25% e 15%. O gestor tamb\u00e9m manteve o gasto com pessoal em 41,19%, dentro do limite de 54% da Receita Corrente L\u00edquida, conforme estipulado pela Lei de Responsabilidade Fiscal. Christiano Lacerda Ghuerren apresentou, no entanto, 11 ressalvas em seu voto, entre elas inconsist\u00eancias no Regime Pr\u00f3prio de Previd\u00eancia Social; diverg\u00eancias cont\u00e1beis; e o n\u00e3o cumprimento integral das obrigatoriedades estabelecidas na legisla\u00e7\u00e3o relativa aos portais da transpar\u00eancia e acesso \u00e0 informa\u00e7\u00e3o p\u00fablica.<\/p>\n\n\n\n<p>No exame s\u00e3o considerados as diretrizes e os mandamentos expressos na Constitui\u00e7\u00e3o Federal, na Lei Complementar Federal n.\u00ba 101\/00 \u2013 Lei de Responsabilidade Fiscal \u2013 LRF, na Lei Federal n.\u00ba 4.320\/64, na Lei Federal n.\u00ba 6.404\/76 e suas altera\u00e7\u00f5es, bem como nas demais normas pertinentes editadas pela Corte de Contas e por \u00f3rg\u00e3os afins.<\/p>\n","protected":false},"excerpt":{"rendered":"<p>O  processo seguir\u00e1 agora para a C\u00e2mara de Vereadores de Niter\u00f3i para o julgamento final.<\/p>\n","protected":false},"author":3,"featured_media":911,"comment_status":"closed","ping_status":"closed","sticky":false,"template":"","format":"standard","meta":{"_et_pb_use_builder":"off","_et_pb_old_content":"","_et_gb_content_width":"","_usar_header_alternativo":false,"footnotes":""},"categories":[10],"tags":[],"class_list":["post-7385","post","type-post","status-publish","format-standard","has-post-thumbnail","hentry","category-noticias","et-has-post-format-content","et_post_format-et-post-format-standard"],"_links":{"self":[{"href":"https:\/\/www.fazenda.niteroi.rj.gov.br\/site\/wp-json\/wp\/v2\/posts\/7385","targetHints":{"allow":["GET"]}}],"collection":[{"href":"https:\/\/www.fazenda.niteroi.rj.gov.br\/site\/wp-json\/wp\/v2\/posts"}],"about":[{"href":"https:\/\/www.fazenda.niteroi.rj.gov.br\/site\/wp-json\/wp\/v2\/types\/post"}],"author":[{"embeddable":true,"href":"https:\/\/www.fazenda.niteroi.rj.gov.br\/site\/wp-json\/wp\/v2\/users\/3"}],"replies":[{"embeddable":true,"href":"https:\/\/www.fazenda.niteroi.rj.gov.br\/site\/wp-json\/wp\/v2\/comments?post=7385"}],"version-history":[{"count":0,"href":"https:\/\/www.fazenda.niteroi.rj.gov.br\/site\/wp-json\/wp\/v2\/posts\/7385\/revisions"}],"wp:featuredmedia":[{"embeddable":true,"href":"https:\/\/www.fazenda.niteroi.rj.gov.br\/site\/wp-json\/wp\/v2\/media\/911"}],"wp:attachment":[{"href":"https:\/\/www.fazenda.niteroi.rj.gov.br\/site\/wp-json\/wp\/v2\/media?parent=7385"}],"wp:term":[{"taxonomy":"category","embeddable":true,"href":"https:\/\/www.fazenda.niteroi.rj.gov.br\/site\/wp-json\/wp\/v2\/categories?post=7385"},{"taxonomy":"post_tag","embeddable":true,"href":"https:\/\/www.fazenda.niteroi.rj.gov.br\/site\/wp-json\/wp\/v2\/tags?post=7385"}],"curies":[{"name":"wp","href":"https:\/\/api.w.org\/{rel}","templated":true}]}}