{"id":7550,"date":"2019-05-10T12:04:21","date_gmt":"2019-05-10T15:04:21","guid":{"rendered":"http:\/\/fazenda.niteroi.rj.gov.br\/site\/?p=7550"},"modified":"2020-03-03T14:03:50","modified_gmt":"2020-03-03T17:03:50","slug":"portarias","status":"publish","type":"post","link":"https:\/\/www.fazenda.niteroi.rj.gov.br\/site\/portarias\/","title":{"rendered":"Portarias"},"content":{"rendered":"\n<h3 class=\"wp-block-heading\">2019<\/h3>\n\n\n\n<ul class=\"wp-block-list\"><li><a href=\"http:\/\/fazenda.niteroi.rj.gov.br\/site\/wp-content\/uploads\/2019\/05\/Portaria-001-SMF-2019.pdf\">Portaria 001\/SMF\/2019<\/a> &#8211; Instaura procedimento interno de Tomada de Contas Especial do contrato 06\/2015 celebrado pelo Munic\u00edpio de Niter\u00f3i com a sociedade empres\u00e1ria Sistematech  Inform\u00e1tica Eireli-ME, cujo objeto \u00e9 implanta\u00e7\u00e3o do processo eletr\u00f4nico.<\/li><li><a href=\"http:\/\/fazenda.niteroi.rj.gov.br\/site\/wp-content\/uploads\/2019\/05\/Portaria-002-SMF-2019.pdf\">Portaria 002\/SMF\/2019<\/a> &#8211; Designa GUILHERME MARQUES RIBEIRO para responder pelo expediente da Coordena\u00e7\u00e3o de Tributos Imobili\u00e1rios no per\u00edodo de 21\/01 a 30\/01.<\/li><li><a href=\"http:\/\/fazenda.niteroi.rj.gov.br\/site\/wp-content\/uploads\/2019\/05\/Portaria-003-SMF-2019.pdf\">Portaria 003\/SMF\/2019<\/a> &#8211; Designa FABIAN PHILIPPSEN para responder pelo expediente da Superintend\u00eancia de Fiscaliza\u00e7\u00e3o Tribut\u00e1ria  no per\u00edodo de 21\/01 a 25\/01.<\/li><li><a href=\"http:\/\/fazenda.niteroi.rj.gov.br\/site\/wp-content\/uploads\/2019\/05\/Portaria-004-SMF-2019.pdf\">Portaria 004\/SMF\/2019<\/a> &#8211; Designa comiss\u00e3o para fiscaliza\u00e7\u00e3o do contrato com a Caixa Econ\u00f4mica Federal.<\/li><li><a href=\"http:\/\/fazenda.niteroi.rj.gov.br\/site\/wp-content\/uploads\/2019\/05\/Portaria-005-SMF-2019.pdf\">Portaria 005\/SMF\/2019<\/a> &#8211; Designa FABIAN PHILIPPSEN para responder pelo expediente da Superintend\u00eancia de Fiscaliza\u00e7\u00e3o Tribut\u00e1ria no per\u00edodo de 25\/02 a 01\/03.<\/li><li><a href=\"http:\/\/fazenda.niteroi.rj.gov.br\/site\/wp-content\/uploads\/2019\/05\/Portaria-006-SMF-2019.pdf\">Portaria 006\/SMF\/2019<\/a> &#8211; Convalida todos os atos executados pelo Subsecret\u00e1rio de Controle e Finan\u00e7as MICHAEL VINICIUS POMIM DE OLIVEIRA, enquanto respondeu pelo expediente da Secretaria Municipal de Fazenda, no per\u00edodo de 05 a 16\/11\/2018.<\/li><li><a href=\"http:\/\/fazenda.niteroi.rj.gov.br\/site\/wp-content\/uploads\/2019\/05\/Portaria-007-SMF-2019.pdf\">Portaria 007\/SMF\/2019<\/a> &#8211; Designa GABRIELLA SOARES CARDOSO DA SILVA ROCHA para responder pelo expediente da Coordena\u00e7\u00e3o da Central de Atendimento no per\u00edodo de 07 a 21\/03.<\/li><li><a href=\"http:\/\/fazenda.niteroi.rj.gov.br\/site\/wp-content\/uploads\/2019\/05\/Portaria-008-SMF-2019.pdf\">Portaria 008\/SMF\/2019<\/a> &#8211; Designa o Fiscal de Tributos ALEXANDRE CORR\u00caA GRASSI BISSACOT para responder pelo expediente da Coordena\u00e7\u00e3o de Planejamento e Fiscaliza\u00e7\u00e3o no per\u00edodo de 07 a 21\/03.<\/li><li><a href=\"http:\/\/fazenda.niteroi.rj.gov.br\/site\/wp-content\/uploads\/2019\/05\/Portaria-009-SMF-2019.pdf\">Portaria 009\/SMF\/2019<\/a> &#8211; Designa a contar de 14\/01\/2019, VANESSA ANATAL\u00cdCIO PEREIRA MOURA para responder pelo expediente da Coordena\u00e7\u00e3o do Controle Financeiro at\u00e9 ulterior delibera\u00e7\u00e3o.<\/li><li><a href=\"http:\/\/fazenda.niteroi.rj.gov.br\/site\/wp-content\/uploads\/2019\/05\/Portaria-010-SMF-2019.pdf\">Portaria 010\/SMF\/2019<\/a> &#8211; Designa o Coordenador da D\u00edvida Ativa LUIZ ALBERTO SOAREM, para responder pelo expediente da Superintend\u00eancia da Receita, da Secretaria Municipal de Fazenda, no per\u00edodo de 24\/04 a 03\/05\/2019.<\/li><li><a href=\"http:\/\/fazenda.niteroi.rj.gov.br\/site\/wp-content\/uploads\/2019\/05\/Portaria-012-SMF-2019.pdf\">Portaria 012\/SMF\/2019<\/a> &#8211; Designa RODRIGO FULGONI BRANCO para responder pelo expediente da Coordenadoria de Imposto de Transmiss\u00e3o de Bens Im\u00f3veis no per\u00edodo de 19\/04 a 03\/05\/2019.<\/li><li><a href=\"http:\/\/fazenda.niteroi.rj.gov.br\/site\/wp-content\/uploads\/2019\/05\/Portaria-013-SMF-2019.pdf\">Portaria 013\/SMF\/2019<\/a> &#8211; Designa LUIZ IN\u00c1CIO CARVALHO DOS SANTOS para responder pelo expediente da Coordena\u00e7\u00e3o de Arrecada\u00e7\u00e3o &#8211; COAR no per\u00edodo de 07 a 22\/05\/2019.<\/li><li><a href=\"https:\/\/fazenda.niteroi.rj.gov.br\/site\/wp-content\/uploads\/2020\/03\/Portaria-017-SMF-2019.pdf\">Portaria 017\/SMF\/2019<\/a> &#8211; Responsabilidade por expediente.<\/li><li><a href=\"https:\/\/fazenda.niteroi.rj.gov.br\/site\/wp-content\/uploads\/2020\/03\/Portaria-018-SMF-2019.pdf\">Portaria 018\/SMF\/2019<\/a> &#8211; Cria\u00e7\u00e3o de Grupo de Trabalho para atender o P.A. 030014977\/2019.<\/li><li><a href=\"https:\/\/fazenda.niteroi.rj.gov.br\/site\/wp-content\/uploads\/2020\/03\/Portaria-019-SMF-2019.pdf\">Portaria 019\/SMF\/2019<\/a> &#8211; Divulga\u00e7\u00e3o das quatro listas tr\u00edplices com o nome das pessoas naturais indicadas pelas  entidades representativas de sociedades empres\u00e1rias com  atividade no Munic\u00edpio de Niter\u00f3i.<\/li><li><a href=\"https:\/\/fazenda.niteroi.rj.gov.br\/site\/wp-content\/uploads\/2020\/03\/Portaria-020-SMF-2019.pdf\">Portaria 020\/SMF\/2019<\/a> &#8211; Fiscaliza\u00e7\u00e3o de Contrato. <\/li><li><a href=\"https:\/\/fazenda.niteroi.rj.gov.br\/site\/wp-content\/uploads\/2020\/03\/Portaria-021-SMF-2019.pdf\">Portaria 021\/SMF\/2019<\/a> &#8211; Responsabilidade por expediente.<\/li><li><a href=\"https:\/\/fazenda.niteroi.rj.gov.br\/site\/wp-content\/uploads\/2020\/03\/Portaria-022-SMF-2019.pdf\">Portaria 022\/SMF\/2019<\/a> &#8211; Responsabilidade por expediente.<\/li><li><a href=\"https:\/\/fazenda.niteroi.rj.gov.br\/site\/wp-content\/uploads\/2020\/03\/Portaria-023-SMF-2019.pdf\">Portaria 023\/SMF\/2019<\/a> &#8211; Cria a Comiss\u00e3o de Monitoramento e Avalia\u00e7\u00e3o para fins de celebra\u00e7\u00e3o de Termo de Fomento 01\/2019, com a Ag\u00eancia Rio Neg\u00f3cios, cujo objeto \u00e9 o estabelecimento de uni\u00e3o de esfor\u00e7os visando o desenvolvimento de atividades de interc\u00e2mbio de informa\u00e7\u00f5es concernentes \u00e0 realiza\u00e7\u00e3o de a\u00e7\u00f5es de fomento, atra\u00e7\u00e3o e viabiliza\u00e7\u00e3o de projetos de investimentos no Munic\u00edpio de Niter\u00f3i (proc. 030022021\/2018),<\/li><li><a href=\"https:\/\/fazenda.niteroi.rj.gov.br\/site\/wp-content\/uploads\/2020\/03\/Portaria-027-SMF-2019.pdf\">Portaria 027\/SMF\/2019<\/a> &#8211; Responsabilidade por expediente.<\/li><li><a href=\"https:\/\/fazenda.niteroi.rj.gov.br\/site\/wp-content\/uploads\/2020\/03\/Portaria-030-SMF-2019.pdf\">Portaria 030\/SMF\/2019<\/a> &#8211; Responsabilidade por expediente.<\/li><li><a href=\"https:\/\/fazenda.niteroi.rj.gov.br\/site\/wp-content\/uploads\/2020\/03\/Portaria-031-SMF-2019.pdf\">Portaria 031\/SMF\/2019<\/a> &#8211; Responsabilidade por expediente.<\/li><li><a href=\"https:\/\/fazenda.niteroi.rj.gov.br\/site\/wp-content\/uploads\/2020\/03\/Portaria-033-SMF-2019.pdf\">Portaria 033\/SMF\/2019<\/a> &#8211; Responsabilidade por expediente.<\/li><li><a href=\"https:\/\/fazenda.niteroi.rj.gov.br\/site\/wp-content\/uploads\/2020\/03\/Portaria-038-SMF-2019.pdf\">Portaria 038\/SMF\/2019<\/a> &#8211; Responsabilidade por expediente.<\/li><li><a href=\"https:\/\/fazenda.niteroi.rj.gov.br\/site\/wp-content\/uploads\/2020\/03\/Portaria-039-SMF-2019.pdf\">Portaria 039\/SMF\/2019<\/a> &#8211; Responsabilidade por expediente.<\/li><li><a href=\"https:\/\/fazenda.niteroi.rj.gov.br\/site\/wp-content\/uploads\/2020\/03\/Portaria-040-SMF-2019.pdf\">Portaria 040\/SMF\/2019<\/a> &#8211; Responsabilidade por expediente.<\/li><\/ul>\n\n\n\n<h3 class=\"wp-block-heading\">2020<\/h3>\n\n\n\n<ul class=\"wp-block-list\"><li><a href=\"https:\/\/fazenda.niteroi.rj.gov.br\/site\/wp-content\/uploads\/2020\/03\/Portaria-001-SMF-2020.pdf\">Portaria 001\/SMF\/2020<\/a> &#8211; Responsabilidade por expediente.<\/li><li><a href=\"https:\/\/fazenda.niteroi.rj.gov.br\/site\/wp-content\/uploads\/2020\/03\/Portaria-002-SMF-2020.pdf\">Portaria 002\/SMF\/2020<\/a> &#8211; Responsabilidade por expediente.<\/li><li><a href=\"https:\/\/fazenda.niteroi.rj.gov.br\/site\/wp-content\/uploads\/2020\/03\/Portaria-003-SMF-2020.pdf\">Portaria 003\/SMF\/2020<\/a> &#8211; Fiscaliza\u00e7\u00e3o de Contrato.<\/li><li><a href=\"https:\/\/fazenda.niteroi.rj.gov.br\/site\/wp-content\/uploads\/2020\/03\/Portaria-004-SMF-2020.pdf\">Portaria 004\/SMF\/2020<\/a> &#8211; Fiscaliza\u00e7\u00e3o de Contrato.<\/li><\/ul>\n\n\n\n<hr class=\"wp-block-separator\"\/>\n\n\n\n<p><em>Atualizado em <strong>03\/03\/2020<\/strong><\/em><\/p>\n","protected":false},"excerpt":{"rendered":"<p>Portarias publicadas pela Secretaria da Fazenda de Niter\u00f3i a partir do ano de 2019.<\/p>\n","protected":false},"author":1,"featured_media":911,"comment_status":"closed","ping_status":"closed","sticky":false,"template":"","format":"standard","meta":{"_et_pb_use_builder":"off","_et_pb_old_content":"","_et_gb_content_width":"","_usar_header_alternativo":false,"footnotes":""},"categories":[118],"tags":[],"class_list":["post-7550","post","type-post","status-publish","format-standard","has-post-thumbnail","hentry","category-portarias","et-has-post-format-content","et_post_format-et-post-format-standard"],"_links":{"self":[{"href":"https:\/\/www.fazenda.niteroi.rj.gov.br\/site\/wp-json\/wp\/v2\/posts\/7550","targetHints":{"allow":["GET"]}}],"collection":[{"href":"https:\/\/www.fazenda.niteroi.rj.gov.br\/site\/wp-json\/wp\/v2\/posts"}],"about":[{"href":"https:\/\/www.fazenda.niteroi.rj.gov.br\/site\/wp-json\/wp\/v2\/types\/post"}],"author":[{"embeddable":true,"href":"https:\/\/www.fazenda.niteroi.rj.gov.br\/site\/wp-json\/wp\/v2\/users\/1"}],"replies":[{"embeddable":true,"href":"https:\/\/www.fazenda.niteroi.rj.gov.br\/site\/wp-json\/wp\/v2\/comments?post=7550"}],"version-history":[{"count":0,"href":"https:\/\/www.fazenda.niteroi.rj.gov.br\/site\/wp-json\/wp\/v2\/posts\/7550\/revisions"}],"wp:featuredmedia":[{"embeddable":true,"href":"https:\/\/www.fazenda.niteroi.rj.gov.br\/site\/wp-json\/wp\/v2\/media\/911"}],"wp:attachment":[{"href":"https:\/\/www.fazenda.niteroi.rj.gov.br\/site\/wp-json\/wp\/v2\/media?parent=7550"}],"wp:term":[{"taxonomy":"category","embeddable":true,"href":"https:\/\/www.fazenda.niteroi.rj.gov.br\/site\/wp-json\/wp\/v2\/categories?post=7550"},{"taxonomy":"post_tag","embeddable":true,"href":"https:\/\/www.fazenda.niteroi.rj.gov.br\/site\/wp-json\/wp\/v2\/tags?post=7550"}],"curies":[{"name":"wp","href":"https:\/\/api.w.org\/{rel}","templated":true}]}}