{"id":7627,"date":"2019-05-13T14:19:25","date_gmt":"2019-05-13T17:19:25","guid":{"rendered":"http:\/\/fazenda.niteroi.rj.gov.br\/site\/?p=7627"},"modified":"2019-05-21T12:46:06","modified_gmt":"2019-05-21T15:46:06","slug":"acordao-2150-2018","status":"publish","type":"post","link":"https:\/\/www.fazenda.niteroi.rj.gov.br\/site\/acordao-2150-2018\/","title":{"rendered":"Ac\u00f3rd\u00e3o 2150\/2018."},"content":{"rendered":"\n<ul class=\"wp-block-list\"><li>1037\u00ba Sess\u00e3o Ordin\u00e1ria, de 07\/06\/2018<\/li><li>Processo: 030\/028661\/2018.<\/li><li>Recorrente: Fazenda P\u00fablica Municipal (Para o Recurso de Of\u00edcio) Sr(a). Fernanda Alexandra Lessa Correia (Para o Recurso Volunt\u00e1rio).<\/li><li>Ementa: <em><strong>\u201cIPTU &#8211; REVIS\u00c3O DE LAN\u00c7AMENTO POR ERRO DE FATO ALEGADO PELA SMF . FATO J\u00c1 CONHECIDO POR OCASI\u00c3O DO LAN\u00c7AMENTO REVISTO &#8211; ERRO DE DIREITO  &#8211; RECURSO PROVIDO.\u201d<\/strong><\/em><\/li><li>Inteiro Teor: <a href=\"http:\/\/fazenda.niteroi.rj.gov.br\/site\/wp-content\/uploads\/2019\/05\/028661-2017-ACORDAO-FERNANDA.pdf\">Ac\u00f3rd\u00e3o 2.150\/2018.<\/a><\/li><li><strong>Enviado ao Secret\u00e1rio para homologa\u00e7\u00e3o em: 31\/07\/2018.<\/strong><\/li><\/ul>\n\n\n\n<p>De\nacordo com&nbsp; o que preceitua o Art. 86 Inciso II&nbsp; da Lei 3368\/18, que\nestabelece as decis\u00f5es do Conselho submetidas a ato homologat\u00f3rio do Prefeito\nMunicipal, precedido de manifesta\u00e7\u00e3o do Secret\u00e1rio de Fazenda.<\/p>\n\n\n\n<ul class=\"wp-block-list\"><li><strong>Data da Homologa\u00e7\u00e3o: 11\/12\/2018.<\/strong><\/li><li>Conforme o arquivo que est\u00e1 no link a seguir: <a href=\"http:\/\/fazenda.niteroi.rj.gov.br\/site\/wp-content\/uploads\/2019\/05\/028661-2017-HOMOLOGACAO.pdf\">Homologa\u00e7\u00e3o do Secret\u00e1rio Municipal de Fazenda<\/a><\/li><\/ul>\n","protected":false},"excerpt":{"rendered":"<p>1037\u00ba Sess\u00e3o Ordin\u00e1ria, de 07\/06\/2018 Processo: 030\/028661\/2018. Recorrente: Fazenda P\u00fablica Municipal (Para o Recurso de Of\u00edcio) Sr(a). Fernanda Alexandra Lessa Correia (Para o Recurso Volunt\u00e1rio). Ementa: \u201cIPTU &#8211; REVIS\u00c3O DE [&hellip;]<\/p>\n","protected":false},"author":4,"featured_media":911,"comment_status":"closed","ping_status":"closed","sticky":false,"template":"","format":"standard","meta":{"_et_pb_use_builder":"off","_et_pb_old_content":"","_et_gb_content_width":"","_usar_header_alternativo":false,"footnotes":""},"categories":[131],"tags":[],"class_list":["post-7627","post","type-post","status-publish","format-standard","has-post-thumbnail","hentry","category-acordaos","et-has-post-format-content","et_post_format-et-post-format-standard"],"_links":{"self":[{"href":"https:\/\/www.fazenda.niteroi.rj.gov.br\/site\/wp-json\/wp\/v2\/posts\/7627","targetHints":{"allow":["GET"]}}],"collection":[{"href":"https:\/\/www.fazenda.niteroi.rj.gov.br\/site\/wp-json\/wp\/v2\/posts"}],"about":[{"href":"https:\/\/www.fazenda.niteroi.rj.gov.br\/site\/wp-json\/wp\/v2\/types\/post"}],"author":[{"embeddable":true,"href":"https:\/\/www.fazenda.niteroi.rj.gov.br\/site\/wp-json\/wp\/v2\/users\/4"}],"replies":[{"embeddable":true,"href":"https:\/\/www.fazenda.niteroi.rj.gov.br\/site\/wp-json\/wp\/v2\/comments?post=7627"}],"version-history":[{"count":0,"href":"https:\/\/www.fazenda.niteroi.rj.gov.br\/site\/wp-json\/wp\/v2\/posts\/7627\/revisions"}],"wp:featuredmedia":[{"embeddable":true,"href":"https:\/\/www.fazenda.niteroi.rj.gov.br\/site\/wp-json\/wp\/v2\/media\/911"}],"wp:attachment":[{"href":"https:\/\/www.fazenda.niteroi.rj.gov.br\/site\/wp-json\/wp\/v2\/media?parent=7627"}],"wp:term":[{"taxonomy":"category","embeddable":true,"href":"https:\/\/www.fazenda.niteroi.rj.gov.br\/site\/wp-json\/wp\/v2\/categories?post=7627"},{"taxonomy":"post_tag","embeddable":true,"href":"https:\/\/www.fazenda.niteroi.rj.gov.br\/site\/wp-json\/wp\/v2\/tags?post=7627"}],"curies":[{"name":"wp","href":"https:\/\/api.w.org\/{rel}","templated":true}]}}