{"id":7652,"date":"2019-05-20T10:40:05","date_gmt":"2019-05-20T13:40:05","guid":{"rendered":"http:\/\/fazenda.niteroi.rj.gov.br\/site\/?p=7652"},"modified":"2019-05-29T15:22:42","modified_gmt":"2019-05-29T18:22:42","slug":"agenda-semanal-de-20-a-24-de-maio-de-2019","status":"publish","type":"post","link":"https:\/\/www.fazenda.niteroi.rj.gov.br\/site\/agenda-semanal-de-20-a-24-de-maio-de-2019\/","title":{"rendered":"Agenda semanal de 20 a 24 de maio de 2019"},"content":{"rendered":"\n<p><strong>Segunda-feira, 20 de maio<\/strong><\/p>\n\n\n\n<ul class=\"wp-block-list\"><li>11:00 Pr\u00e9via da CPFGF<\/li><li>12:00 Despacho interno<\/li><li>15:00 CPFGF<\/li><\/ul>\n\n\n\n<p><strong>Ter\u00e7a-feira, 21 de maio<\/strong><\/p>\n\n\n\n<ul class=\"wp-block-list\"><li>10:00 Reuni\u00e3o externa &#8211; Projeto de revitaliza\u00e7\u00e3o e restaura\u00e7\u00e3o do porto<\/li><li>14:30 Reuni\u00e3o interna &#8211; MROSC<\/li><\/ul>\n\n\n\n<p><strong>Quarta-feira, 22 de maio<\/strong><\/p>\n\n\n\n<ul class=\"wp-block-list\"><li>10:00 Reuni\u00e3o sobre o jirau<\/li><li>11:00 Reuni\u00e3o com o Subsecret\u00e1rio de Contabilidade &#8211; RREO e RGF<\/li><li>15:00 Conselho Gestor da FUHAB<\/li><\/ul>\n\n\n\n<p><strong>Quinta-feira, 23 de maio<\/strong><\/p>\n\n\n\n<ul class=\"wp-block-list\"><li>14:30 Reuni\u00e3o interna<\/li><li>19:00 Evento CDL Niter\u00f3i<\/li><\/ul>\n\n\n\n<p><\/p>\n","protected":false},"excerpt":{"rendered":"<p>Compromissos oficiais da Secret\u00e1ria da Fazenda de Niter\u00f3i, Giovanna Victer, para a quarta semana de maio de 2019.<\/p>\n","protected":false},"author":1,"featured_media":911,"comment_status":"closed","ping_status":"closed","sticky":false,"template":"","format":"standard","meta":{"_et_pb_use_builder":"off","_et_pb_old_content":"","_et_gb_content_width":"","_usar_header_alternativo":false,"footnotes":""},"categories":[394],"tags":[],"class_list":["post-7652","post","type-post","status-publish","format-standard","has-post-thumbnail","hentry","category-agenda","et-has-post-format-content","et_post_format-et-post-format-standard"],"_links":{"self":[{"href":"https:\/\/www.fazenda.niteroi.rj.gov.br\/site\/wp-json\/wp\/v2\/posts\/7652","targetHints":{"allow":["GET"]}}],"collection":[{"href":"https:\/\/www.fazenda.niteroi.rj.gov.br\/site\/wp-json\/wp\/v2\/posts"}],"about":[{"href":"https:\/\/www.fazenda.niteroi.rj.gov.br\/site\/wp-json\/wp\/v2\/types\/post"}],"author":[{"embeddable":true,"href":"https:\/\/www.fazenda.niteroi.rj.gov.br\/site\/wp-json\/wp\/v2\/users\/1"}],"replies":[{"embeddable":true,"href":"https:\/\/www.fazenda.niteroi.rj.gov.br\/site\/wp-json\/wp\/v2\/comments?post=7652"}],"version-history":[{"count":0,"href":"https:\/\/www.fazenda.niteroi.rj.gov.br\/site\/wp-json\/wp\/v2\/posts\/7652\/revisions"}],"wp:featuredmedia":[{"embeddable":true,"href":"https:\/\/www.fazenda.niteroi.rj.gov.br\/site\/wp-json\/wp\/v2\/media\/911"}],"wp:attachment":[{"href":"https:\/\/www.fazenda.niteroi.rj.gov.br\/site\/wp-json\/wp\/v2\/media?parent=7652"}],"wp:term":[{"taxonomy":"category","embeddable":true,"href":"https:\/\/www.fazenda.niteroi.rj.gov.br\/site\/wp-json\/wp\/v2\/categories?post=7652"},{"taxonomy":"post_tag","embeddable":true,"href":"https:\/\/www.fazenda.niteroi.rj.gov.br\/site\/wp-json\/wp\/v2\/tags?post=7652"}],"curies":[{"name":"wp","href":"https:\/\/api.w.org\/{rel}","templated":true}]}}