{"id":7697,"date":"2019-05-27T14:57:59","date_gmt":"2019-05-27T17:57:59","guid":{"rendered":"http:\/\/fazenda.niteroi.rj.gov.br\/site\/?p=7697"},"modified":"2019-05-30T16:05:52","modified_gmt":"2019-05-30T19:05:52","slug":"agenda-semanal-de-27-a-31-de-maio-de-2019","status":"publish","type":"post","link":"https:\/\/www.fazenda.niteroi.rj.gov.br\/site\/agenda-semanal-de-27-a-31-de-maio-de-2019\/","title":{"rendered":"Agenda semanal de 27 a 31 de maio de 2019"},"content":{"rendered":"<p>[et_pb_section fb_built=&#8221;1&#8243; admin_label=&#8221;section&#8221; _builder_version=&#8221;3.22.3&#8243;][et_pb_row admin_label=&#8221;row&#8221; _builder_version=&#8221;3.22.3&#8243; background_size=&#8221;initial&#8221; background_position=&#8221;top_left&#8221; background_repeat=&#8221;repeat&#8221;][et_pb_column type=&#8221;4_4&#8243; _builder_version=&#8221;3.0.47&#8243;][et_pb_text admin_label=&#8221;Text&#8221; _builder_version=&#8221;3.0.74&#8243; background_size=&#8221;initial&#8221; background_position=&#8221;top_left&#8221; background_repeat=&#8221;repeat&#8221;]<!-- divi:paragraph --><\/p>\n<p>\u00a0<strong>Segunda-feira,\u00a027 de maio<\/strong><\/p>\n<ul>\n<li>8h Inaugura\u00e7\u00e3o da Prefeitura M\u00f3vel &#8211; Horto do Fonseca<\/li>\n<li>9h Participa\u00e7\u00e3o na Aula Inaugural sobre o Marco Regulat\u00f3rio das Organiza\u00e7\u00f5es da Sociedade Civil \u2013 MROSC promovida pela Escola de Governo e Gest\u00e3o de Niter\u00f3i<\/li>\n<li>11h Pr\u00e9via da Reuni\u00e3o com Comiss\u00e3o de Programa\u00e7\u00e3o Financeira e Gest\u00e3o Fiscal &#8211; CPFGF<\/li>\n<li>14:00 Reuni\u00e3o com Centro de Excel\u00eancia para o Mar Brasileiro (CEMBRA)<\/li>\n<\/ul>\n<p><strong>Ter\u00e7a-feira,\u00a028 de maio<\/strong><\/p>\n<ul>\n<li>10h Reuni\u00e3o com Assessoria de Comunica\u00e7\u00e3o &#8211; ASCOM<\/li>\n<li>15h30 Reuni\u00e3o com Comiss\u00e3o de Programa\u00e7\u00e3o Financeira e Gest\u00e3o Fiscal &#8211; CPFGF<\/li>\n<\/ul>\n<p><strong>Quarta-feira,\u00a029 de maio<\/strong><\/p>\n<ul>\n<li>10h Reuni\u00e3o com o presidente da Comiss\u00e3o de Direito Imobili\u00e1rio da OAB Niter\u00f3i e com o presidente da Associa\u00e7\u00e3o das Empresas do Mercado Imobili\u00e1rio (Ademi) de Niter\u00f3i<\/li>\n<li>11h Despacho com a Subsecret\u00e1ria de Contabilidade<\/li>\n<li>13h30 Despacho com o Subsecret\u00e1rio de Finan\u00e7as<\/li>\n<\/ul>\n<p><strong>Quinta-feira,\u00a030 de maio<\/strong><\/p>\n<ul>\n<li>11h Audi\u00eancia P\u00fablica na C\u00e2mara Municipal de Niter\u00f3i<\/li>\n<li>14h30 Reuni\u00e3o do Conselho Gest\u00e3o do Fundo de Equaliza\u00e7\u00e3o de Receitas \u2013 FER<\/li>\n<li>16h Reuni\u00e3o com Viva Rio\u2022 19h Homenagem ao Instituto Vital Brasil<\/li>\n<\/ul>\n<p><strong>Sexta-feira,\u00a031 de maio<\/strong><\/p>\n<ul>\n<li>9h30 Reuni\u00e3o com Conselho de Autoridade Portu\u00e1ria &#8211; CAP<\/li>\n<li>14:30 Reuni\u00e3o intersecretarial de alinhamento de projetos<\/li>\n<\/ul>\n<p>&nbsp;<\/p>\n<p><!-- \/divi:list --><\/p>\n<p>&nbsp;<\/p>\n<p>[\/et_pb_text][\/et_pb_column][\/et_pb_row][\/et_pb_section]<\/p>\n","protected":false},"excerpt":{"rendered":"<p>Compromissos oficiais da Secret\u00e1ria da Fazenda de Niter\u00f3i, Giovanna Victer, para a \u00faltima semana de maio de 2019.<\/p>\n","protected":false},"author":1,"featured_media":911,"comment_status":"closed","ping_status":"closed","sticky":false,"template":"","format":"standard","meta":{"_et_pb_use_builder":"on","_et_pb_old_content":"<!-- wp:paragraph -->\n<p><strong>Segunda-feira,\n27 de maio<\/strong><\/p>\n<!-- \/wp:paragraph -->\n\n<!-- wp:list -->\n<ul><li>11:00 Pr\u00e9via da CPFGF<\/li><li>12:00 Despacho interno<\/li><li>15:00 CPFGF<\/li><\/ul>\n<!-- \/wp:list -->\n\n<!-- wp:paragraph -->\n<p><strong>Ter\u00e7a-feira,\n28 de maio<\/strong><\/p>\n<!-- \/wp:paragraph -->\n\n<!-- wp:list -->\n<ul><li>10:00 Reuni\u00e3o externa \u2013 Projeto de\n     revitaliza\u00e7\u00e3o e restaura\u00e7\u00e3o do porto<\/li><li>14:30 Reuni\u00e3o interna \u2013 MROSC<\/li><\/ul>\n<!-- \/wp:list -->\n\n<!-- wp:paragraph -->\n<p><strong>Quarta-feira,\n29 de maio<\/strong><\/p>\n<!-- \/wp:paragraph -->\n\n<!-- wp:list -->\n<ul><li>10:00 Reuni\u00e3o sobre o jirau<\/li><li>11:00 Reuni\u00e3o com o Subsecret\u00e1rio de\n     Contabilidade \u2013 RREO e RGF<\/li><li>15:00 Conselho Gestor da FUHAB<\/li><\/ul>\n<!-- \/wp:list -->\n\n<!-- wp:paragraph -->\n<p><strong>Quinta-feira,\n30 de maio<\/strong><\/p>\n<!-- \/wp:paragraph -->\n\n<!-- wp:list -->\n<ul><li>14:30 Reuni\u00e3o interna<\/li><li>19:00 Evento CDL Niter\u00f3i<\/li><\/ul>\n<!-- \/wp:list -->\n\n<!-- wp:paragraph -->\n<p><strong>Sexta-feira,\n31 de maio<\/strong><\/p>\n<!-- \/wp:paragraph -->\n\n<!-- wp:list -->\n<ul><li>11:00 Conselho de Autoridade Portu\u00e1ria<br>\n     Porto de Niter\u00f3i \u2013 Rua Feliciano Sodr\u00e9, 215 \u2013 4<sup>o<\/sup> andar,\n     Edif\u00edcio Tomoneiro.<\/li><li>15:00 Parque Barreto e Rural<\/li><\/ul>\n<!-- \/wp:list -->","_et_gb_content_width":"","_usar_header_alternativo":false,"footnotes":""},"categories":[394],"tags":[],"class_list":["post-7697","post","type-post","status-publish","format-standard","has-post-thumbnail","hentry","category-agenda","et-has-post-format-content","et_post_format-et-post-format-standard"],"_links":{"self":[{"href":"https:\/\/www.fazenda.niteroi.rj.gov.br\/site\/wp-json\/wp\/v2\/posts\/7697","targetHints":{"allow":["GET"]}}],"collection":[{"href":"https:\/\/www.fazenda.niteroi.rj.gov.br\/site\/wp-json\/wp\/v2\/posts"}],"about":[{"href":"https:\/\/www.fazenda.niteroi.rj.gov.br\/site\/wp-json\/wp\/v2\/types\/post"}],"author":[{"embeddable":true,"href":"https:\/\/www.fazenda.niteroi.rj.gov.br\/site\/wp-json\/wp\/v2\/users\/1"}],"replies":[{"embeddable":true,"href":"https:\/\/www.fazenda.niteroi.rj.gov.br\/site\/wp-json\/wp\/v2\/comments?post=7697"}],"version-history":[{"count":0,"href":"https:\/\/www.fazenda.niteroi.rj.gov.br\/site\/wp-json\/wp\/v2\/posts\/7697\/revisions"}],"wp:featuredmedia":[{"embeddable":true,"href":"https:\/\/www.fazenda.niteroi.rj.gov.br\/site\/wp-json\/wp\/v2\/media\/911"}],"wp:attachment":[{"href":"https:\/\/www.fazenda.niteroi.rj.gov.br\/site\/wp-json\/wp\/v2\/media?parent=7697"}],"wp:term":[{"taxonomy":"category","embeddable":true,"href":"https:\/\/www.fazenda.niteroi.rj.gov.br\/site\/wp-json\/wp\/v2\/categories?post=7697"},{"taxonomy":"post_tag","embeddable":true,"href":"https:\/\/www.fazenda.niteroi.rj.gov.br\/site\/wp-json\/wp\/v2\/tags?post=7697"}],"curies":[{"name":"wp","href":"https:\/\/api.w.org\/{rel}","templated":true}]}}