{"id":7729,"date":"2019-05-31T10:16:16","date_gmt":"2019-05-31T13:16:16","guid":{"rendered":"http:\/\/fazenda.niteroi.rj.gov.br\/site\/?p=7729"},"modified":"2019-05-31T11:00:14","modified_gmt":"2019-05-31T14:00:14","slug":"secretaria-de-fazenda-participa-de-audiencia-publica-de-prestacao-de-contas-do-1o-quadrimestre-de-2019","status":"publish","type":"post","link":"https:\/\/www.fazenda.niteroi.rj.gov.br\/site\/secretaria-de-fazenda-participa-de-audiencia-publica-de-prestacao-de-contas-do-1o-quadrimestre-de-2019\/","title":{"rendered":"Secret\u00e1ria de Fazenda participa de Audi\u00eancia P\u00fablica de Presta\u00e7\u00e3o de Contas do 1\u00ba Quadrimestre de 2019"},"content":{"rendered":"\n<p>A Secret\u00e1ria Municipal da Fazenda Giovanna Victer participou, na manh\u00e3 de ontem, da Audi\u00eancia P\u00fablica de Presta\u00e7\u00e3o de Contas do 1\u00ba Quadrimestre de 2019, presidida pelo vereador e presidente da Comiss\u00e3o de Or\u00e7amento e Finan\u00e7as, Carlos Macedo. Durante a sess\u00e3o, realizada na C\u00e2mara de Vereadores da cidade, Giovanna apresentou os resultados da Gest\u00e3o Or\u00e7ament\u00e1ria e Financeira em cumprimento \u00e0 Lei de Responsabilidade Fiscal (LRF). Estiveram presentes tamb\u00e9m o vereador Paulo Velasco, a Contadora Geral do Munic\u00edpio Yasmim Monteiro e membros da comunidade.<br><br>Conforme estabelece a Lei de Responsabilidade Fiscal, os munic\u00edpios t\u00eam que manter o seu endividamento em um montante equivalente a, no m\u00e1ximo, 120% de sua receita anual. Em Niter\u00f3i, esse percentual finalizou  o 1\u00ba Quadrimestre de 2019 em -18,6% da Receita Corrente Liquida, o que significa que os Haveres Financeiros, incluindo o Caixa, s\u00e3o maiores que as D\u00edvidas, incluindo Restos a Pagar Processados. <br><br> \u201cNiter\u00f3i tem mais ativos do que passivos, situa\u00e7\u00e3o \u00edmpar em todo o Brasil e  confort\u00e1vel do ponto de vista das contas p\u00fablicas, ou seja, as disponibilidades de caixa, acrescidas de suas aplica\u00e7\u00f5es financeiras e demais haveres financeiros s\u00e3o superiores e suficientes para fazer frente ao pagamento de sua d\u00edvida municipal\u201d, pontuou Giovanna Victer. <br><br> Mais uma vez na contram\u00e3o da m\u00e9dia nacional, a cidade vem apresentando elevados volumes de investimentos, pr\u00e1tica que se estabelece como marco desta gest\u00e3o. O Governo Municipal aplicou  no 1\u00ba Quadrimestre de 2019 em investimento, item da despesa municipal, 57,75% a mais do que no primeiro quadrimestre de 2018. <br><br>Segundo o Relat\u00f3rio Multi Cidades 2019, elaborado pela Frente Nacional dos Prefeitos, que analisa as finan\u00e7as dos Munic\u00edpios do Brasil, o investimento per capita de Niter\u00f3i (total de recursos empregados em investimentos dividido pelo total de habitantes), em 2017, foi de R$ 575,39 reais &#8211; enquanto o cidade do Rio foi de R$ 151,50; o de S\u00e3o Paulo 169,74; m\u00e9dias das capitais de R$ 151,33; e m\u00e9dia Brasil de R$ 133,24.<br><br> Ainda de acordo com o Multi Cidades 2019, enquanto os investimentos realizados em Niter\u00f3i no exerc\u00edcio de 2017 representaram 12,03% das despesas totais realizadas, os demais munic\u00edpios aplicaram: Rio de Janeiro 4,4%, S\u00e3o Paulo 4,2%, m\u00e9dia das capitais 4,8% e m\u00e9dia Brasil 5%. Percebe-se, assim, que Niter\u00f3i apresenta n\u00edvel de investimento em patamar superior ao observado pelas principais cidades do pa\u00eds e pela m\u00e9dia nacional.<br><br>A LRF disp\u00f5e que, at\u00e9 o final dos meses de maio, setembro e fevereiro, o Poder Executivo demonstrar\u00e1 e avaliar\u00e1 o cumprimento das metas fiscais de cada quadrimestre, em audi\u00eancia p\u00fablica na Casas Legislativa municipal.<br><br> Para acessar os Relat\u00f3rios Fiscais de Niter\u00f3i, acesse: <br> <a href=\"http:\/\/fazenda.niteroi.rj.gov.br\/site\/relatorios-fiscais\/\">http:\/\/fazenda.niteroi.rj.gov.br\/site\/relatorios-fiscais\/<\/a><br> <a href=\"http:\/\/fazenda.niteroi.rj.gov.br\/site\/relatorios-fiscais\/\">http:\/\/portais.niteroi.rj.gov.br\/portal-da-transparencia\/<\/a><\/p>\n\n\n\n<p><\/p>\n\n\n\n<div class=\"wp-block-image\"><figure class=\"alignleft\"><img loading=\"lazy\" decoding=\"async\" width=\"600\" height=\"265\" src=\"http:\/\/fazenda.niteroi.rj.gov.br\/site\/wp-content\/uploads\/2019\/05\/30.05.2019-600x265.jpg\" alt=\"\" class=\"wp-image-7730\" srcset=\"https:\/\/www.fazenda.niteroi.rj.gov.br\/site\/wp-content\/uploads\/2019\/05\/30.05.2019-600x265.jpg 600w, https:\/\/www.fazenda.niteroi.rj.gov.br\/site\/wp-content\/uploads\/2019\/05\/30.05.2019-400x177.jpg 400w, https:\/\/www.fazenda.niteroi.rj.gov.br\/site\/wp-content\/uploads\/2019\/05\/30.05.2019-768x340.jpg 768w, https:\/\/www.fazenda.niteroi.rj.gov.br\/site\/wp-content\/uploads\/2019\/05\/30.05.2019-1080x478.jpg 1080w, https:\/\/www.fazenda.niteroi.rj.gov.br\/site\/wp-content\/uploads\/2019\/05\/30.05.2019.jpg 1280w\" sizes=\"auto, (max-width: 600px) 100vw, 600px\" \/><figcaption>Da esquerda para a direita: Contadora Geral do Munic\u00edpio Yasmim Monteiro, Secret\u00e1ria Municipal da Fazenda Giovanna Victer e vereador e presidente da Comiss\u00e3o de Or\u00e7amento e Finan\u00e7as Carlos Macedo.<\/figcaption><\/figure><\/div>\n","protected":false},"excerpt":{"rendered":"<p>Durante a sess\u00e3o, realizada na C\u00e2mara de Vereadores da cidade, Giovanna apresentou os resultados da Gest\u00e3o Or\u00e7ament\u00e1ria e Financeira em cumprimento \u00e0 Lei de Responsabilidade Fiscal.<\/p>\n","protected":false},"author":3,"featured_media":7730,"comment_status":"closed","ping_status":"closed","sticky":false,"template":"","format":"standard","meta":{"_et_pb_use_builder":"off","_et_pb_old_content":"","_et_gb_content_width":"","_usar_header_alternativo":false,"footnotes":""},"categories":[10],"tags":[279,258,396,395],"class_list":["post-7729","post","type-post","status-publish","format-standard","has-post-thumbnail","hentry","category-noticias","tag-audiencia-publica","tag-relatorio-fiscal","tag-rgf","tag-rreo","et-has-post-format-content","et_post_format-et-post-format-standard"],"_links":{"self":[{"href":"https:\/\/www.fazenda.niteroi.rj.gov.br\/site\/wp-json\/wp\/v2\/posts\/7729","targetHints":{"allow":["GET"]}}],"collection":[{"href":"https:\/\/www.fazenda.niteroi.rj.gov.br\/site\/wp-json\/wp\/v2\/posts"}],"about":[{"href":"https:\/\/www.fazenda.niteroi.rj.gov.br\/site\/wp-json\/wp\/v2\/types\/post"}],"author":[{"embeddable":true,"href":"https:\/\/www.fazenda.niteroi.rj.gov.br\/site\/wp-json\/wp\/v2\/users\/3"}],"replies":[{"embeddable":true,"href":"https:\/\/www.fazenda.niteroi.rj.gov.br\/site\/wp-json\/wp\/v2\/comments?post=7729"}],"version-history":[{"count":0,"href":"https:\/\/www.fazenda.niteroi.rj.gov.br\/site\/wp-json\/wp\/v2\/posts\/7729\/revisions"}],"wp:featuredmedia":[{"embeddable":true,"href":"https:\/\/www.fazenda.niteroi.rj.gov.br\/site\/wp-json\/wp\/v2\/media\/7730"}],"wp:attachment":[{"href":"https:\/\/www.fazenda.niteroi.rj.gov.br\/site\/wp-json\/wp\/v2\/media?parent=7729"}],"wp:term":[{"taxonomy":"category","embeddable":true,"href":"https:\/\/www.fazenda.niteroi.rj.gov.br\/site\/wp-json\/wp\/v2\/categories?post=7729"},{"taxonomy":"post_tag","embeddable":true,"href":"https:\/\/www.fazenda.niteroi.rj.gov.br\/site\/wp-json\/wp\/v2\/tags?post=7729"}],"curies":[{"name":"wp","href":"https:\/\/api.w.org\/{rel}","templated":true}]}}