{"id":7852,"date":"2019-07-08T11:53:26","date_gmt":"2019-07-08T14:53:26","guid":{"rendered":"http:\/\/fazenda.niteroi.rj.gov.br\/site\/?p=7852"},"modified":"2019-07-31T10:36:29","modified_gmt":"2019-07-31T13:36:29","slug":"agenda-semanal-de-8-a-12-de-julho-de-2019","status":"publish","type":"post","link":"https:\/\/www.fazenda.niteroi.rj.gov.br\/site\/agenda-semanal-de-8-a-12-de-julho-de-2019\/","title":{"rendered":"Agenda semanal de 8 a 12 de julho de 2019"},"content":{"rendered":"\n<p><strong>Segunda-feira,\n8 de julho<\/strong><\/p>\n\n\n\n<ul class=\"wp-block-list\"><li>11h Reuni\u00e3o Cine Itaipu \u2013 Apresenta\u00e7\u00e3o Curta\n     Cac\u00e1 Diegues<\/li><li>14h30 Gest\u00e3o Interna<\/li><\/ul>\n\n\n\n<p><strong>Ter\u00e7a-feira,\n9 de julho<\/strong><\/p>\n\n\n\n<ul class=\"wp-block-list\"><li>10h Entrega das chaves Cinema Icara\u00ed<\/li><li>18h Sess\u00e3o Especial Academia Nacional de\n     Medicina &#8211; ACAMERJ<\/li><\/ul>\n\n\n\n<p><strong>Quarta-feira, 10 de julho<\/strong><\/p>\n\n\n\n<ul class=\"wp-block-list\"><li>10h<a> <\/a>OAB Niter\u00f3i \u2013 Encontro com Comiss\u00e3o de Direito      Imobili\u00e1rio<\/li><li>14h30      Reuni\u00e3o com Comiss\u00e3o de Programa\u00e7\u00e3o Financeira e Gest\u00e3o Fiscal \u2013 CPFGF<\/li><\/ul>\n\n\n\n<p><strong>Quinta-feira,11\nde julho<\/strong><\/p>\n\n\n\n<ul class=\"wp-block-list\"><li>11h Despacho Conselho dos Contribuintes<\/li><\/ul>\n\n\n\n<p><strong>Sexta-feira, 12 de julho<\/strong><\/p>\n\n\n\n<ul class=\"wp-block-list\"><li>9h F\u00f3rum Intersindical <\/li><\/ul>\n","protected":false},"excerpt":{"rendered":"<p>Compromissos oficiais da Secret\u00e1ria da Fazenda de Niter\u00f3i, Giovanna Victer, para a segunda semana de julho de 2019.<\/p>\n","protected":false},"author":3,"featured_media":911,"comment_status":"closed","ping_status":"closed","sticky":false,"template":"","format":"standard","meta":{"_et_pb_use_builder":"off","_et_pb_old_content":"","_et_gb_content_width":"","_usar_header_alternativo":false,"footnotes":""},"categories":[394],"tags":[],"class_list":["post-7852","post","type-post","status-publish","format-standard","has-post-thumbnail","hentry","category-agenda","et-has-post-format-content","et_post_format-et-post-format-standard"],"_links":{"self":[{"href":"https:\/\/www.fazenda.niteroi.rj.gov.br\/site\/wp-json\/wp\/v2\/posts\/7852","targetHints":{"allow":["GET"]}}],"collection":[{"href":"https:\/\/www.fazenda.niteroi.rj.gov.br\/site\/wp-json\/wp\/v2\/posts"}],"about":[{"href":"https:\/\/www.fazenda.niteroi.rj.gov.br\/site\/wp-json\/wp\/v2\/types\/post"}],"author":[{"embeddable":true,"href":"https:\/\/www.fazenda.niteroi.rj.gov.br\/site\/wp-json\/wp\/v2\/users\/3"}],"replies":[{"embeddable":true,"href":"https:\/\/www.fazenda.niteroi.rj.gov.br\/site\/wp-json\/wp\/v2\/comments?post=7852"}],"version-history":[{"count":0,"href":"https:\/\/www.fazenda.niteroi.rj.gov.br\/site\/wp-json\/wp\/v2\/posts\/7852\/revisions"}],"wp:featuredmedia":[{"embeddable":true,"href":"https:\/\/www.fazenda.niteroi.rj.gov.br\/site\/wp-json\/wp\/v2\/media\/911"}],"wp:attachment":[{"href":"https:\/\/www.fazenda.niteroi.rj.gov.br\/site\/wp-json\/wp\/v2\/media?parent=7852"}],"wp:term":[{"taxonomy":"category","embeddable":true,"href":"https:\/\/www.fazenda.niteroi.rj.gov.br\/site\/wp-json\/wp\/v2\/categories?post=7852"},{"taxonomy":"post_tag","embeddable":true,"href":"https:\/\/www.fazenda.niteroi.rj.gov.br\/site\/wp-json\/wp\/v2\/tags?post=7852"}],"curies":[{"name":"wp","href":"https:\/\/api.w.org\/{rel}","templated":true}]}}