{"id":794,"date":"2015-12-31T16:37:33","date_gmt":"2015-12-31T18:37:33","guid":{"rendered":"http:\/\/localhost:8080\/smf\/?p=794"},"modified":"2017-08-22T09:59:39","modified_gmt":"2017-08-22T12:59:39","slug":"contratos-2015","status":"publish","type":"post","link":"https:\/\/www.fazenda.niteroi.rj.gov.br\/site\/contratos-2015\/","title":{"rendered":"Contratos 2015"},"content":{"rendered":"<h2>Janeiro<\/h2>\n<ul>\n<li><a href=\"http:\/\/fazenda.niteroi.rj.gov.br\/site\/wp-content\/uploads\/2016\/07\/01-2015-1o-Termo-de-Rerratificacao-Caderode.pdf\">1\u00ba Termo de Rerratifica\u00e7\u00e3o Caderode<\/a><\/li>\n<li><a href=\"http:\/\/fazenda.niteroi.rj.gov.br\/site\/wp-content\/uploads\/2016\/07\/01-2015-2o-Aditivo-URBI.pdf\">2\u00ba Aditivo URBI<\/a><\/li>\n<\/ul>\n<h2>Mar\u00e7o<\/h2>\n<ul>\n<li><a href=\"http:\/\/fazenda.niteroi.rj.gov.br\/site\/wp-content\/uploads\/2016\/07\/03-2015-Extrato-Adesao-a-Ata-de-Registro-de-Precos-Digiservi.pdf\">Extrato Ades\u00e3o \u00e0 Ata de Registro de Pre\u00e7os Digiservi<\/a><\/li>\n<li><a href=\"http:\/\/fazenda.niteroi.rj.gov.br\/site\/wp-content\/uploads\/2016\/07\/03-2015-Extrato-Adesao-a-Ata-de-Registro-de-Precos-Houter.pdf\">Extrato Ades\u00e3o \u00e0 Ata de Registro de Pre\u00e7os Houter<\/a><\/li>\n<li><a href=\"http:\/\/fazenda.niteroi.rj.gov.br\/site\/wp-content\/uploads\/2016\/07\/03-2015-Extrato-Adesao-a-Ata-de-Registro-de-Precos-Rei-Tech.pdf\">Extrato Ades\u00e3o \u00e0 Ata de Registro de Pre\u00e7os Rei Tech<\/a><\/li>\n<li><a href=\"http:\/\/fazenda.niteroi.rj.gov.br\/site\/wp-content\/uploads\/2016\/07\/03-2015-Extrato-Adesao-a-Ata-de-Registro-de-Precos-Somar.pdf\">Extrato Ades\u00e3o \u00e0 Ata de Registro de Pre\u00e7os Somar Rio<\/a><\/li>\n<\/ul>\n<h2>Abril<\/h2>\n<ul>\n<li><a href=\"http:\/\/fazenda.niteroi.rj.gov.br\/site\/wp-content\/uploads\/2016\/07\/04-2015-Contrato-Compra-Huffix.pdf\">Contrato Compra Huffix<\/a><\/li>\n<\/ul>\n<h2>Maio<\/h2>\n<ul>\n<li><a href=\"http:\/\/fazenda.niteroi.rj.gov.br\/site\/wp-content\/uploads\/2016\/07\/05-2015-1o-Aditivo-Correios.pdf\">1\u00ba Aditivo Correios<\/a><\/li>\n<li><a href=\"http:\/\/fazenda.niteroi.rj.gov.br\/site\/edital-01-2015-assessoramento-para-calculo-do-ipm-icms\/\">Contrato Presta\u00e7\u00e3o de Servi\u00e7o IBRADI<\/a><\/li>\n<\/ul>\n<h2>Junho<\/h2>\n<ul>\n<li><a href=\"http:\/\/fazenda.niteroi.rj.gov.br\/site\/wp-content\/uploads\/2016\/07\/06-2015-1o-Aditivo-VICMA.pdf\">1\u00ba Aditivo VICMA<\/a><\/li>\n<li><a href=\"http:\/\/fazenda.niteroi.rj.gov.br\/site\/wp-content\/uploads\/2016\/07\/06-2015-Extrato-Adesao-a-Ata-de-Registro-Precos-Compex-Aquisicao-de-leitor-de-codigo-de-barras.pdf\">Extrato Ades\u00e3o \u00e0 Ata de Registro Pre\u00e7os Compex<\/a><\/li>\n<li><a href=\"http:\/\/fazenda.niteroi.rj.gov.br\/site\/wp-content\/uploads\/2016\/07\/06-2015-Extrato-Adesao-a-Ata-de-Registro-Precos-Iskandar-Aquisicao-de-estante-metalica.pdf\">Extrato Ades\u00e3o \u00e0 Ata de Registro Pre\u00e7os Iskandar<\/a><\/li>\n<li><a href=\"http:\/\/fazenda.niteroi.rj.gov.br\/site\/wp-content\/uploads\/2016\/07\/06-2015-Extrato-Adesao-a-Ata-de-Registro-Precos-WT-Refrigeracao.pdf\">Extrato Ades\u00e3o \u00e0 Ata de Registro Pre\u00e7os WT Refrigera\u00e7\u00e3o<\/a><\/li>\n<\/ul>\n<h2>Julho<\/h2>\n<ul>\n<li><a href=\"http:\/\/fazenda.niteroi.rj.gov.br\/site\/wp-content\/uploads\/2016\/07\/07-2015-1o-Aditivo-Caderode.pdf\">1\u00ba Aditivo Caderode<\/a><\/li>\n<li><a href=\"http:\/\/fazenda.niteroi.rj.gov.br\/site\/wp-content\/uploads\/2016\/07\/07-2015-Contrato-prestacao-de-servico-Via-Digital.pdf\">Contrato presta\u00e7\u00e3o de servi\u00e7o Via Digital<\/a><\/li>\n<li><a href=\"http:\/\/fazenda.niteroi.rj.gov.br\/site\/wp-content\/uploads\/2016\/07\/07-2015-Extrato-adesao-a-ata-de-registro-de-precos-Somar-Resmas-de-papel.pdf\">Extrato ades\u00e3o \u00e0 ata de registro de pre\u00e7os Somar Rio<\/a><\/li>\n<\/ul>\n<h2>Agosto<\/h2>\n<ul>\n<li><a href=\"http:\/\/fazenda.niteroi.rj.gov.br\/site\/wp-content\/uploads\/2016\/07\/08-2015-3o-Aditivo-Microcis.pdf\">3\u00ba Aditivo Microcis<\/a><\/li>\n<\/ul>\n<h2>Novembro<\/h2>\n<ul>\n<li><a href=\"http:\/\/fazenda.niteroi.rj.gov.br\/site\/wp-content\/uploads\/2015\/12\/2015-11-Contrato-06-2015-Sistematech.pdf\">Contrato 06\/2015 &#8211; Sistematech<\/a><\/li>\n<li><a href=\"http:\/\/fazenda.niteroi.rj.gov.br\/site\/wp-content\/uploads\/2015\/12\/Contrato-07-2015-Sistematech.pdf\">Contrato 07\/2015 &#8211; Sistematech<\/a><\/li>\n<\/ul>\n<h2>Dezembro<\/h2>\n<ul>\n<li><a href=\"http:\/\/fazenda.niteroi.rj.gov.br\/site\/wp-content\/uploads\/2015\/12\/2015-12-3o-Aditivo-IBAM.pdf\">3\u00ba Aditivo IBAM<\/a><\/li>\n<\/ul>\n","protected":false},"excerpt":{"rendered":"<p>Contratos celebrados pela Secretaria da Fazenda de Niter\u00f3i no ano de 2015.<\/p>\n","protected":false},"author":1,"featured_media":877,"comment_status":"closed","ping_status":"closed","sticky":false,"template":"","format":"standard","meta":{"_et_pb_use_builder":"","_et_pb_old_content":"","_et_gb_content_width":"","_usar_header_alternativo":false,"footnotes":""},"categories":[9],"tags":[20],"class_list":["post-794","post","type-post","status-publish","format-standard","has-post-thumbnail","hentry","category-licitacoes-contratos","tag-contratos","et-has-post-format-content","et_post_format-et-post-format-standard"],"_links":{"self":[{"href":"https:\/\/www.fazenda.niteroi.rj.gov.br\/site\/wp-json\/wp\/v2\/posts\/794","targetHints":{"allow":["GET"]}}],"collection":[{"href":"https:\/\/www.fazenda.niteroi.rj.gov.br\/site\/wp-json\/wp\/v2\/posts"}],"about":[{"href":"https:\/\/www.fazenda.niteroi.rj.gov.br\/site\/wp-json\/wp\/v2\/types\/post"}],"author":[{"embeddable":true,"href":"https:\/\/www.fazenda.niteroi.rj.gov.br\/site\/wp-json\/wp\/v2\/users\/1"}],"replies":[{"embeddable":true,"href":"https:\/\/www.fazenda.niteroi.rj.gov.br\/site\/wp-json\/wp\/v2\/comments?post=794"}],"version-history":[{"count":0,"href":"https:\/\/www.fazenda.niteroi.rj.gov.br\/site\/wp-json\/wp\/v2\/posts\/794\/revisions"}],"wp:featuredmedia":[{"embeddable":true,"href":"https:\/\/www.fazenda.niteroi.rj.gov.br\/site\/wp-json\/wp\/v2\/media\/877"}],"wp:attachment":[{"href":"https:\/\/www.fazenda.niteroi.rj.gov.br\/site\/wp-json\/wp\/v2\/media?parent=794"}],"wp:term":[{"taxonomy":"category","embeddable":true,"href":"https:\/\/www.fazenda.niteroi.rj.gov.br\/site\/wp-json\/wp\/v2\/categories?post=794"},{"taxonomy":"post_tag","embeddable":true,"href":"https:\/\/www.fazenda.niteroi.rj.gov.br\/site\/wp-json\/wp\/v2\/tags?post=794"}],"curies":[{"name":"wp","href":"https:\/\/api.w.org\/{rel}","templated":true}]}}