{"id":8042,"date":"2019-08-23T17:26:36","date_gmt":"2019-08-23T20:26:36","guid":{"rendered":"https:\/\/fazenda.niteroi.rj.gov.br\/site\/?p=8042"},"modified":"2019-08-23T17:26:38","modified_gmt":"2019-08-23T20:26:38","slug":"pauta-de-julgamento-para-o-dia-28-de-agosto-de-2019-2","status":"publish","type":"post","link":"https:\/\/www.fazenda.niteroi.rj.gov.br\/site\/pauta-de-julgamento-para-o-dia-28-de-agosto-de-2019-2\/","title":{"rendered":"Pauta de Julgamento para o dia 28 de Agosto de 2019."},"content":{"rendered":"\n<div class=\"wp-block-image\"><figure class=\"aligncenter is-resized\"><img loading=\"lazy\" decoding=\"async\" src=\"https:\/\/fazenda.niteroi.rj.gov.br\/site\/wp-content\/uploads\/2019\/03\/1200px-Brasao_de_Niteroi_RJ.svg_-484x600.png\" alt=\"\" class=\"wp-image-7242\" width=\"126\" height=\"156\" srcset=\"https:\/\/www.fazenda.niteroi.rj.gov.br\/site\/wp-content\/uploads\/2019\/03\/1200px-Brasao_de_Niteroi_RJ.svg_-484x600.png 484w, https:\/\/www.fazenda.niteroi.rj.gov.br\/site\/wp-content\/uploads\/2019\/03\/1200px-Brasao_de_Niteroi_RJ.svg_-242x300.png 242w, https:\/\/www.fazenda.niteroi.rj.gov.br\/site\/wp-content\/uploads\/2019\/03\/1200px-Brasao_de_Niteroi_RJ.svg_-768x952.png 768w, https:\/\/www.fazenda.niteroi.rj.gov.br\/site\/wp-content\/uploads\/2019\/03\/1200px-Brasao_de_Niteroi_RJ.svg_-1080x1339.png 1080w, https:\/\/www.fazenda.niteroi.rj.gov.br\/site\/wp-content\/uploads\/2019\/03\/1200px-Brasao_de_Niteroi_RJ.svg_.png 1200w\" sizes=\"auto, (max-width: 126px) 100vw, 126px\" \/><\/figure><\/div>\n\n\n\n<p style=\"text-align:center\"><strong>PREFEITURA\nMUNICIPAL DE NITER\u00d3I<\/strong><\/p>\n\n\n\n<p style=\"text-align:center\"><strong>CONSELHO DE CONTRIBUINTES \u2013 FCCN<\/strong><\/p>\n\n\n\n<p style=\"text-align:center\"><strong>PAUTA DE JULGAMENTO &#8211; SESS\u00c3O QUE SE REALIZAR\u00c1 EM 28 DE\nAGOSTO DE 2019 &#8211; (Art. 72 do Dec. 9735\/05 \u2013 Regimento Interno do FCCN).<\/strong><\/p>\n\n\n\n<p style=\"text-align:center\"><strong>SESS\u00c3O\nEXTRAORDIN\u00c1RIA&nbsp; \u00c0S 12:00 HORA<\/strong><\/p>\n\n\n\n<p style=\"text-align:center\">Continua\u00e7\u00e3o da discuss\u00e3o sobre Apresenta\u00e7\u00e3o de estudos realizados pelo\nConselheiro SR. M\u00e1rcio Mateus de Macedo, Conselheiro escolhido pelo Presidente\npara altera\u00e7\u00e3o do Regimento Interno do Conselho de Contribuintes \u2013 Decreto n\u00ba\n9.735\/2005.<\/p>\n\n\n\n<p style=\"text-align:center\">SECRETARIA<\/p>\n","protected":false},"excerpt":{"rendered":"<p>PREFEITURA MUNICIPAL DE NITER\u00d3I CONSELHO DE CONTRIBUINTES \u2013 FCCN PAUTA DE JULGAMENTO &#8211; SESS\u00c3O QUE SE REALIZAR\u00c1 EM 28 DE AGOSTO DE 2019 &#8211; (Art. 72 do Dec. 9735\/05 \u2013 [&hellip;]<\/p>\n","protected":false},"author":4,"featured_media":911,"comment_status":"closed","ping_status":"closed","sticky":false,"template":"","format":"standard","meta":{"_et_pb_use_builder":"off","_et_pb_old_content":"","_et_gb_content_width":"","_usar_header_alternativo":false,"footnotes":""},"categories":[131,126,132],"tags":[],"class_list":["post-8042","post","type-post","status-publish","format-standard","has-post-thumbnail","hentry","category-acordaos","category-ccn","category-pautas","et-has-post-format-content","et_post_format-et-post-format-standard"],"_links":{"self":[{"href":"https:\/\/www.fazenda.niteroi.rj.gov.br\/site\/wp-json\/wp\/v2\/posts\/8042","targetHints":{"allow":["GET"]}}],"collection":[{"href":"https:\/\/www.fazenda.niteroi.rj.gov.br\/site\/wp-json\/wp\/v2\/posts"}],"about":[{"href":"https:\/\/www.fazenda.niteroi.rj.gov.br\/site\/wp-json\/wp\/v2\/types\/post"}],"author":[{"embeddable":true,"href":"https:\/\/www.fazenda.niteroi.rj.gov.br\/site\/wp-json\/wp\/v2\/users\/4"}],"replies":[{"embeddable":true,"href":"https:\/\/www.fazenda.niteroi.rj.gov.br\/site\/wp-json\/wp\/v2\/comments?post=8042"}],"version-history":[{"count":0,"href":"https:\/\/www.fazenda.niteroi.rj.gov.br\/site\/wp-json\/wp\/v2\/posts\/8042\/revisions"}],"wp:featuredmedia":[{"embeddable":true,"href":"https:\/\/www.fazenda.niteroi.rj.gov.br\/site\/wp-json\/wp\/v2\/media\/911"}],"wp:attachment":[{"href":"https:\/\/www.fazenda.niteroi.rj.gov.br\/site\/wp-json\/wp\/v2\/media?parent=8042"}],"wp:term":[{"taxonomy":"category","embeddable":true,"href":"https:\/\/www.fazenda.niteroi.rj.gov.br\/site\/wp-json\/wp\/v2\/categories?post=8042"},{"taxonomy":"post_tag","embeddable":true,"href":"https:\/\/www.fazenda.niteroi.rj.gov.br\/site\/wp-json\/wp\/v2\/tags?post=8042"}],"curies":[{"name":"wp","href":"https:\/\/api.w.org\/{rel}","templated":true}]}}