{"id":8103,"date":"2019-09-06T17:02:03","date_gmt":"2019-09-06T20:02:03","guid":{"rendered":"https:\/\/fazenda.niteroi.rj.gov.br\/site\/?p=8103"},"modified":"2019-09-06T17:02:06","modified_gmt":"2019-09-06T20:02:06","slug":"pauta-de-julgamento-para-o-dia-11-de-setembro-de-2019-2","status":"publish","type":"post","link":"https:\/\/www.fazenda.niteroi.rj.gov.br\/site\/pauta-de-julgamento-para-o-dia-11-de-setembro-de-2019-2\/","title":{"rendered":"Pauta de Julgamento para o dia 11 de Setembro de 2019."},"content":{"rendered":"\n<figure class=\"wp-block-image\"><img loading=\"lazy\" decoding=\"async\" width=\"600\" height=\"151\" src=\"https:\/\/fazenda.niteroi.rj.gov.br\/site\/wp-content\/uploads\/2019\/09\/horizontal-cinza-600x151.jpg\" alt=\"\" class=\"wp-image-8070\" srcset=\"https:\/\/www.fazenda.niteroi.rj.gov.br\/site\/wp-content\/uploads\/2019\/09\/horizontal-cinza-600x151.jpg 600w, https:\/\/www.fazenda.niteroi.rj.gov.br\/site\/wp-content\/uploads\/2019\/09\/horizontal-cinza-400x101.jpg 400w, https:\/\/www.fazenda.niteroi.rj.gov.br\/site\/wp-content\/uploads\/2019\/09\/horizontal-cinza-768x194.jpg 768w, https:\/\/www.fazenda.niteroi.rj.gov.br\/site\/wp-content\/uploads\/2019\/09\/horizontal-cinza.jpg 801w\" sizes=\"auto, (max-width: 600px) 100vw, 600px\" \/><\/figure>\n\n\n\n<p style=\"text-align:center\"><strong>PREFEITURA\nMUNICIPAL DE NITER\u00d3I<\/strong><\/p>\n\n\n\n<p style=\"text-align:center\"><strong>CONSELHO DE CONTRIBUINTES \u2013 FCCN<\/strong><\/p>\n\n\n\n<p style=\"text-align:center\"><strong>PAUTA DE JULGAMENTO &#8211; SESS\u00c3O QUE SE REALIZAR\u00c1 EM 11 DE SETEMBRO\nDE 2019 &#8211; (Art. 72 do Dec. 9735\/05 \u2013 Regimento Interno do FCCN).<\/strong><\/p>\n\n\n\n<p style=\"text-align:center\"><strong>SESS\u00c3O\nEXTRAORDIN\u00c1RIA&nbsp; \u00c0S 12:00 HORA<\/strong><\/p>\n\n\n\n<p style=\"text-align:center\">Continua\u00e7\u00e3o da discuss\u00e3o sobre Apresenta\u00e7\u00e3o de estudos realizados pelo\nConselheiro SR. M\u00e1rcio Mateus de Macedo, Conselheiro escolhido pelo Presidente\npara altera\u00e7\u00e3o do Regimento Interno do Conselho de Contribuintes \u2013 Decreto n\u00ba\n9.735\/2005.<\/p>\n\n\n\n<p style=\"text-align:center\"><strong>SECRETARIA<\/strong><\/p>\n","protected":false},"excerpt":{"rendered":"<p>PREFEITURA MUNICIPAL DE NITER\u00d3I CONSELHO DE CONTRIBUINTES \u2013 FCCN PAUTA DE JULGAMENTO &#8211; SESS\u00c3O QUE SE REALIZAR\u00c1 EM 11 DE SETEMBRO DE 2019 &#8211; (Art. 72 do Dec. 9735\/05 \u2013 [&hellip;]<\/p>\n","protected":false},"author":4,"featured_media":911,"comment_status":"closed","ping_status":"closed","sticky":false,"template":"","format":"standard","meta":{"_et_pb_use_builder":"off","_et_pb_old_content":"","_et_gb_content_width":"","_usar_header_alternativo":false,"footnotes":""},"categories":[131,126,132],"tags":[],"class_list":["post-8103","post","type-post","status-publish","format-standard","has-post-thumbnail","hentry","category-acordaos","category-ccn","category-pautas","et-has-post-format-content","et_post_format-et-post-format-standard"],"_links":{"self":[{"href":"https:\/\/www.fazenda.niteroi.rj.gov.br\/site\/wp-json\/wp\/v2\/posts\/8103","targetHints":{"allow":["GET"]}}],"collection":[{"href":"https:\/\/www.fazenda.niteroi.rj.gov.br\/site\/wp-json\/wp\/v2\/posts"}],"about":[{"href":"https:\/\/www.fazenda.niteroi.rj.gov.br\/site\/wp-json\/wp\/v2\/types\/post"}],"author":[{"embeddable":true,"href":"https:\/\/www.fazenda.niteroi.rj.gov.br\/site\/wp-json\/wp\/v2\/users\/4"}],"replies":[{"embeddable":true,"href":"https:\/\/www.fazenda.niteroi.rj.gov.br\/site\/wp-json\/wp\/v2\/comments?post=8103"}],"version-history":[{"count":0,"href":"https:\/\/www.fazenda.niteroi.rj.gov.br\/site\/wp-json\/wp\/v2\/posts\/8103\/revisions"}],"wp:featuredmedia":[{"embeddable":true,"href":"https:\/\/www.fazenda.niteroi.rj.gov.br\/site\/wp-json\/wp\/v2\/media\/911"}],"wp:attachment":[{"href":"https:\/\/www.fazenda.niteroi.rj.gov.br\/site\/wp-json\/wp\/v2\/media?parent=8103"}],"wp:term":[{"taxonomy":"category","embeddable":true,"href":"https:\/\/www.fazenda.niteroi.rj.gov.br\/site\/wp-json\/wp\/v2\/categories?post=8103"},{"taxonomy":"post_tag","embeddable":true,"href":"https:\/\/www.fazenda.niteroi.rj.gov.br\/site\/wp-json\/wp\/v2\/tags?post=8103"}],"curies":[{"name":"wp","href":"https:\/\/api.w.org\/{rel}","templated":true}]}}